{"id":13179,"date":"2020-05-27T11:53:12","date_gmt":"2020-05-27T09:53:12","guid":{"rendered":"https:\/\/www.elmedanotenerife.es\/local-development-agency-covid-19\/"},"modified":"2020-05-27T12:07:37","modified_gmt":"2020-05-27T10:07:37","slug":"covid-dellagenzia-di-sviluppo-locale-19","status":"publish","type":"post","link":"https:\/\/www.elmedanotenerife.es\/it\/covid-dellagenzia-di-sviluppo-locale-19\/","title":{"rendered":"COVID 19 DELL&#8217;AGENZIA DI SVILUPPO LOCALE"},"content":{"rendered":"\t\t<div data-elementor-type=\"wp-post\" data-elementor-id=\"13179\" class=\"elementor elementor-13179\" data-elementor-post-type=\"post\">\n\t\t\t\t\t\t<section class=\"elementor-section elementor-top-section elementor-element elementor-element-6974638c elementor-section-boxed elementor-section-height-default elementor-section-height-default\" data-id=\"6974638c\" data-element_type=\"section\" data-e-type=\"section\">\n\t\t\t\t\t\t<div class=\"elementor-container elementor-column-gap-default\">\n\t\t\t\t\t<div class=\"elementor-column elementor-col-100 elementor-top-column elementor-element elementor-element-4d4807e\" data-id=\"4d4807e\" data-element_type=\"column\" data-e-type=\"column\">\n\t\t\t<div class=\"elementor-widget-wrap elementor-element-populated\">\n\t\t\t\t\t\t<div class=\"elementor-element elementor-element-f47d9e6 elementor-widget elementor-widget-spacer\" data-id=\"f47d9e6\" data-element_type=\"widget\" data-e-type=\"widget\" data-widget_type=\"spacer.default\">\n\t\t\t\t<div class=\"elementor-widget-container\">\n\t\t\t\t\t\t\t<div class=\"elementor-spacer\">\n\t\t\t<div class=\"elementor-spacer-inner\"><\/div>\n\t\t<\/div>\n\t\t\t\t\t\t<\/div>\n\t\t\t\t<\/div>\n\t\t\t\t<div class=\"elementor-element elementor-element-fe66257 elementor-widget elementor-widget-theme-post-title elementor-page-title elementor-widget-heading\" data-id=\"fe66257\" data-element_type=\"widget\" data-e-type=\"widget\" data-widget_type=\"theme-post-title.default\">\n\t\t\t\t<div class=\"elementor-widget-container\">\n\t\t\t\t\t<h1 class=\"elementor-heading-title elementor-size-default\">COVID 19 DELL&#8217;AGENZIA DI SVILUPPO LOCALE<\/h1>\t\t\t\t<\/div>\n\t\t\t\t<\/div>\n\t\t\t\t<div class=\"elementor-element elementor-element-1a94617 elementor-widget elementor-widget-post-info\" data-id=\"1a94617\" data-element_type=\"widget\" data-e-type=\"widget\" data-widget_type=\"post-info.default\">\n\t\t\t\t<div class=\"elementor-widget-container\">\n\t\t\t\t\t\t\t<ul class=\"elementor-inline-items elementor-icon-list-items elementor-post-info\">\n\t\t\t\t\t\t\t\t<li class=\"elementor-icon-list-item elementor-repeater-item-e58e1b7 elementor-inline-item\" itemprop=\"datePublished\">\n\t\t\t\t\t\t<a href=\"https:\/\/www.elmedanotenerife.es\/it\/2020\/05\/27\/\">\n\t\t\t\t\t\t\t\t\t\t\t<span class=\"elementor-icon-list-icon\">\n\t\t\t\t\t\t\t\t<i aria-hidden=\"true\" class=\"fas fa-calendar\"><\/i>\t\t\t\t\t\t\t<\/span>\n\t\t\t\t\t\t\t\t\t<span class=\"elementor-icon-list-text elementor-post-info__item elementor-post-info__item--type-date\">\n\t\t\t\t\t\t\t\t\t\t<time>Maggio 27, 2020<\/time>\t\t\t\t\t<\/span>\n\t\t\t\t\t\t\t\t\t<\/a>\n\t\t\t\t<\/li>\n\t\t\t\t<li class=\"elementor-icon-list-item elementor-repeater-item-7327d3a elementor-inline-item\">\n\t\t\t\t\t\t\t\t\t\t<span class=\"elementor-icon-list-icon\">\n\t\t\t\t\t\t\t\t<i aria-hidden=\"true\" class=\"far fa-clock\"><\/i>\t\t\t\t\t\t\t<\/span>\n\t\t\t\t\t\t\t\t\t<span class=\"elementor-icon-list-text elementor-post-info__item elementor-post-info__item--type-time\">\n\t\t\t\t\t\t\t\t\t\t<time>11:53 am<\/time>\t\t\t\t\t<\/span>\n\t\t\t\t\t\t\t\t<\/li>\n\t\t\t\t<li class=\"elementor-icon-list-item elementor-repeater-item-b3e1124 elementor-inline-item\" itemprop=\"commentCount\">\n\t\t\t\t\t\t<a href=\"https:\/\/www.elmedanotenerife.es\/it\/covid-dellagenzia-di-sviluppo-locale-19\/#respond\">\n\t\t\t\t\t\t\t\t\t\t\t<span class=\"elementor-icon-list-icon\">\n\t\t\t\t\t\t\t\t<i aria-hidden=\"true\" class=\"far fa-comment-dots\"><\/i>\t\t\t\t\t\t\t<\/span>\n\t\t\t\t\t\t\t\t\t<span class=\"elementor-icon-list-text elementor-post-info__item elementor-post-info__item--type-comments\">\n\t\t\t\t\t\t\t\t\t\tNessun commento\t\t\t\t\t<\/span>\n\t\t\t\t\t\t\t\t\t<\/a>\n\t\t\t\t<\/li>\n\t\t\t\t<\/ul>\n\t\t\t\t\t\t<\/div>\n\t\t\t\t<\/div>\n\t\t\t\t<section class=\"elementor-section elementor-inner-section elementor-element elementor-element-e49f8c4 elementor-section-boxed elementor-section-height-default elementor-section-height-default\" data-id=\"e49f8c4\" data-element_type=\"section\" data-e-type=\"section\">\n\t\t\t\t\t\t<div class=\"elementor-container elementor-column-gap-default\">\n\t\t\t\t\t<div class=\"elementor-column elementor-col-100 elementor-inner-column elementor-element elementor-element-c593d92\" data-id=\"c593d92\" data-element_type=\"column\" data-e-type=\"column\">\n\t\t\t<div class=\"elementor-widget-wrap elementor-element-populated\">\n\t\t\t\t\t\t<div class=\"elementor-element elementor-element-3d8b6e8 elementor-widget elementor-widget-text-editor\" data-id=\"3d8b6e8\" data-element_type=\"widget\" data-e-type=\"widget\" data-widget_type=\"text-editor.default\">\n\t\t\t\t<div class=\"elementor-widget-container\">\n\t\t\t\t\t\t\t\t\t<p dir=\"ltr\"><b>COVID 19 DELL&#8217;AGENZIA DI SVILUPPO LOCALE<\/b><\/p>\n<p dir=\"ltr\">Telefono diretto: 922 75 81 11<\/p>\n<p dir=\"ltr\">E-mail: <a href=\"mailto:aedl@granadilladeabona.org\" rel=\"noreferrer\">aedl@granadilladeabona.org<\/a><\/p>\n<p dir=\"ltr\">Facebook: Agenzia per lo sviluppo di Granadilla<\/p>\n<\/p>\n<p dir=\"ltr\">\n\t\t\t\t\t\t\t\t<\/div>\n\t\t\t\t<\/div>\n\t\t\t\t<div class=\"elementor-element elementor-element-358fb6c elementor-widget elementor-widget-heading\" data-id=\"358fb6c\" data-element_type=\"widget\" data-e-type=\"widget\" data-widget_type=\"heading.default\">\n\t\t\t\t<div class=\"elementor-widget-container\">\n\t\t\t\t\t<h2 class=\"elementor-heading-title elementor-size-default\">Consulenza telematica e telefonica su tutti i tipi di sovvenzioni e sovvenzioni <br> <br>\n\nPreparazione delle sovvenzioni per liberi professionisti, micro e piccole imprese per far fronte agli effetti del COVID 19<\/h2>\t\t\t\t<\/div>\n\t\t\t\t<\/div>\n\t\t\t\t<div class=\"elementor-element elementor-element-15dbb41 elementor-widget elementor-widget-text-editor\" data-id=\"15dbb41\" data-element_type=\"widget\" data-e-type=\"widget\" data-widget_type=\"text-editor.default\">\n\t\t\t\t<div class=\"elementor-widget-container\">\n\t\t\t\t\t\t\t\t\t<p dir=\"ltr\">(nella fase di produzione, sar\u00e0 pubblicato in BOP, web muncipal, facebook aedl)<\/p>\n<p dir=\"ltr\">\n<p dir=\"ltr\"><strong>Elenco delle aziende con consegna a domicilio aggiornato quotidianamente in:<\/strong><\/p>\n<p dir=\"ltr\"><a href=\"http:\/\/www.granadilladeabona.org\" target=\"_blank\" rel=\"noopener noreferrer\">www.granadilladeabona.org<\/a><\/p>\n<p dir=\"ltr\">Facebook: Agenzia per lo sviluppo di Granadilla<\/p>\n<p dir=\"ltr\">\n\t\t\t\t\t\t\t\t<\/div>\n\t\t\t\t<\/div>\n\t\t\t\t<div class=\"elementor-element elementor-element-19dd983 elementor-widget elementor-widget-heading\" data-id=\"19dd983\" data-element_type=\"widget\" data-e-type=\"widget\" data-widget_type=\"heading.default\">\n\t\t\t\t<div class=\"elementor-widget-container\">\n\t\t\t\t\t<h2 class=\"elementor-heading-title elementor-size-default\">Settore primario<\/h2>\t\t\t\t<\/div>\n\t\t\t\t<\/div>\n\t\t\t\t\t<\/div>\n\t\t<\/div>\n\t\t\t\t\t<\/div>\n\t\t<\/section>\n\t\t\t\t<div class=\"elementor-element elementor-element-0e6ecce elementor-widget elementor-widget-text-editor\" data-id=\"0e6ecce\" data-element_type=\"widget\" data-e-type=\"widget\" data-widget_type=\"text-editor.default\">\n\t\t\t\t<div class=\"elementor-widget-container\">\n\t\t\t\t\t\t\t\t\t<p dir=\"ltr\"><strong>Il mercato del pesce dei cappotti e il mercato degli agricoltori sono aperti nei loro soliti orari.<\/strong><\/p>\n<p dir=\"ltr\">LONJA PESQUERA: dal marted\u00ec alla domenica dalle 9 alle 14 ore. Il sabato al mercato degli agricoltori<\/p>\n<p dir=\"ltr\">Consegna a domicilio Telefono: 922 74 92 17<\/p>\n<p dir=\"ltr\">MERCATO CONTADINO: sabato e domenica dalle 8 alle 14 ore<\/p>\n<p dir=\"ltr\">MERCATO NELLA STREET: mercoled\u00ec a El M\u00e9dano e gioved\u00ec a Granadilla dalle 8 alle 14 ore<\/p>\n<p dir=\"ltr\">Presentazione o aggiornamento di C.V. sulla Borsa comunale dell&#8217;occupazione<\/p>\n<p dir=\"ltr\">Le persone interessate possono registrare o rinnovare la loro domanda sul mercato del lavoro comunale attraverso il sito comunale <a href=\"http:\/\/www.granadilladeabona.org\" target=\"_blank\" rel=\"noopener noreferrer\">www.granadilladeabona.org<\/a> e collegare il loro cv sul link del mercato del lavoro<\/p>\n\t\t\t\t\t\t\t\t<\/div>\n\t\t\t\t<\/div>\n\t\t\t\t<div class=\"elementor-element elementor-element-3fa5303 elementor-widget elementor-widget-heading\" data-id=\"3fa5303\" data-element_type=\"widget\" data-e-type=\"widget\" data-widget_type=\"heading.default\">\n\t\t\t\t<div class=\"elementor-widget-container\">\n\t\t\t\t\t<h2 class=\"elementor-heading-title elementor-size-default\">Formazione<\/h2>\t\t\t\t<\/div>\n\t\t\t\t<\/div>\n\t\t\t\t<div class=\"elementor-element elementor-element-43cedfb elementor-widget elementor-widget-text-editor\" data-id=\"43cedfb\" data-element_type=\"widget\" data-e-type=\"widget\" data-widget_type=\"text-editor.default\">\n\t\t\t\t<div class=\"elementor-widget-container\">\n\t\t\t\t\t\t\t\t\t<p dir=\"ltr\">La formazione faccia a faccia dei corsi sviluppati dall&#8217;Agenzia per l&#8217;occupazione e lo sviluppo locale e dei programmi alternativi di formazione all&#8217;occupazione previsti fino alla fine dello Stato di allarme \u00e8 sospesa o \u00e8 possibile svilupparli<\/p>\n<\/p>\n<p dir=\"ltr\">Inoltre, i corsi gratuiti sviluppati online da diverse entit\u00e0 e organizzazioni saranno informati via e-mail e social network.<\/p>\n<h5 dir=\"ltr\" style=\"text-align: center;\"><span style=\"color: #595656;\"><strong>SOVVENZIONI E AIUTI PER LE NOTIZIE PERTINENTI<\/strong><\/span><\/h5>\n<\/p>\n<p dir=\"ltr\">20\/05\/2020, l&#8217;aiuto di Cabildo \u00e8 stato pubblicato per i datori di lavoro con meno di 5 lavoratori che hanno dovuto chiudere o ridurre temporaneamente i loro profitti di 60 anni e il cui reddito netto non supera i 21 mila euro nel 2018. <\/p>\n<\/p>\n<p dir=\"ltr\"> <a href=\"https:\/\/l.facebook.com\/l.php?u=https%3A%2F%2Fwww.autonomosymicropymes.info%2Fsubvenciones%3Ffbclid%3DIwAR3AHn1coCYbWcrUjRopuwi_5bvX0_mH1MEub6B-gDW_UBU43DA2TFvAPVQ&amp;h=AT26rzHcWJGtYpJh0j6Hg3-XVLxoHlnVZhVBu3IPwzfYgigVBGMNMzPHaXHHG_HrA13Bgi-XttwHN1pJzAZEJvQK8djlvHCJa6Qr4qCNif9YQ7dK36bqC3sPuCKB29peyV2ADnXnuVmOKMLvG_EZ_jftptDN3afHYJ8oNA9XPOB8AFde1vhW3lYJpURuhh_RN7S-zMM2alUsZAWvTKlSCRLGz88BsAvjNZiK0BBs7Ha2I1qgFEZXO9c6JUWbcNKrYA8ZWK8avXSDet_4MKwG-nQ44sdtLcp8bIydnfVznVbuZkryquq-25RzkDnC6PH-FPR13gZioTVM3JmB9qvYUW2SOkxDzrWc34i-3cPUCvusNrupzYxwMca7VJkENZSvV-Z2zrYRcn9y9XWDnh6ea2GjivpB_L26DhEg0_5y-rIfcaO0IKzUikJXZ2mX3oytf3ykJOpof2CM8BlhQeqRmQVJnxy9kTns6BRbTFRKc5xbi22hQhw8KCpUUJTXlITl7NkEBObFdS85-avEVL5_S3p7MoeNQFFbaEg_4TvtWJhImBuYuDDcop7LWtZn-TlQhTGSpmY3ZYCN_NgZJfFOg1WKiETkQupFjkKp1GlqQJtvWKGv2w1Un1BWSJLXp0DEUg\" target=\"_blank\" rel=\"noopener noreferrer\"> https:\/\/www.autonomosymicropymes.info\/subvenciones<\/a>  <\/p>\n<\/p>\n<p dir=\"ltr\">Termine aperto per richiedere una sovvenzione per integrare la sospensione straordinaria dell&#8217;indennit\u00e0 di attivit\u00e0 per le persone interessate da Covid19 e che coprir\u00e0 i restanti 30 del contributo minimo nel RGSS, al fine di coprire 100 del beneficio. Il periodo \u00e8 di 2 mesi a partire dal 5 maggio 2020 e deve essere richiesto in <a href=\"https:\/\/sede.gobcan.es\/sede\/empleo\/6393\" target=\"_blank\" rel=\"noopener noreferrer\">https:\/\/sede.gobcan.es\/sede\/empleo\/6393<\/a><\/p><\/p>\n\t\t\t\t\t\t\t\t<\/div>\n\t\t\t\t<\/div>\n\t\t\t\t<div class=\"elementor-element elementor-element-7a2e1f6 elementor-widget elementor-widget-heading\" data-id=\"7a2e1f6\" data-element_type=\"widget\" data-e-type=\"widget\" data-widget_type=\"heading.default\">\n\t\t\t\t<div class=\"elementor-widget-container\">\n\t\t\t\t\t<h2 class=\"elementor-heading-title elementor-size-default\">ALTRI LINK E TELEFONI DI INTERESSE PER L'OCCUPAZIONE E GLI AIUTI.<\/h2>\t\t\t\t<\/div>\n\t\t\t\t<\/div>\n\t\t\t\t<div class=\"elementor-element elementor-element-b6a26d3 elementor-widget elementor-widget-text-editor\" data-id=\"b6a26d3\" data-element_type=\"widget\" data-e-type=\"widget\" data-widget_type=\"text-editor.default\">\n\t\t\t\t<div class=\"elementor-widget-container\">\n\t\t\t\t\t\t\t\t\t<p dir=\"ltr\">Informazioni telefoniche Coronavirus Governo delle Isole Canarie: 900 112 061<\/p>\n<p dir=\"ltr\">Canarie Isole Aiuto governativo: 922 470 012<\/p>\n<p dir=\"ltr\"><a href=\"https:\/\/www3.gobiernodecanarias.org\/sanidad\/scs\/tematica.jsp?idCarpeta=e01092c2-7d66-11ea-871d-cb574c2473a4\" target=\"_blank\" rel=\"noopener noreferrer\">https:\/\/www3.gobiernodecanarias.org\/sanidad\/scs\/tematica.jsp?idCarpeta=e01092c2-7d66-11ea-871d-cb574c2473a4<\/a>  <\/p>\n<p dir=\"ltr\">Telefono ufficiale Cabildo Insular Tenerife per PMI e liberi professionisti: 900 150 055<\/p>\n<p dir=\"ltr\"><a href=\"http:\/\/www.autonomosymicropymes.info\" target=\"_blank\" rel=\"noopener noreferrer\">www.autonomosymicropymes.info<\/a><\/p>\n<p dir=\"ltr\"><b>SEPE Care Telefoni: 922 924 070<\/b><\/p>\n<p dir=\"ltr\"><a href=\"http:\/\/www.sepe.es\" target=\"_blank\" rel=\"noopener noreferrer\">www.sepe.es<\/a><\/p>\n<ul>\n<li dir=\"ltr\"><b>Domanda di cessazione del rapporto di lavoro<\/b><\/li>\n<li dir=\"ltr\"><b>Record di regolamento temporaneo dell&#8217;occupazione (ERTE)<\/b><\/li>\n<li dir=\"ltr\"><b>Richiesta di chiusura temporanea o riduzione di 75 prestazioni<\/b><\/li>\n<\/ul>\n<p dir=\"ltr\"><b>Tutte queste procedure possono essere eseguite<\/b> tramite L&#8217;ELECTRONIC SEDE utilizzando il Certificato Digitale o il Cl@ve permanente<\/p>\n\t\t\t\t\t\t\t\t<\/div>\n\t\t\t\t<\/div>\n\t\t\t\t<section class=\"elementor-section elementor-inner-section elementor-element elementor-element-ba661f3 elementor-section-boxed elementor-section-height-default elementor-section-height-default\" data-id=\"ba661f3\" data-element_type=\"section\" data-e-type=\"section\">\n\t\t\t\t\t\t<div class=\"elementor-container elementor-column-gap-default\">\n\t\t\t\t\t<div class=\"elementor-column elementor-col-50 elementor-inner-column elementor-element elementor-element-3c4e4e2\" data-id=\"3c4e4e2\" data-element_type=\"column\" data-e-type=\"column\">\n\t\t\t<div class=\"elementor-widget-wrap elementor-element-populated\">\n\t\t\t\t\t\t<div class=\"elementor-element elementor-element-6a2ec11 elementor-widget elementor-widget-text-editor\" data-id=\"6a2ec11\" data-element_type=\"widget\" data-e-type=\"widget\" data-widget_type=\"text-editor.default\">\n\t\t\t\t<div class=\"elementor-widget-container\">\n\t\t\t\t\t\t\t\t\t<p dir=\"ltr\">Collegamento alla Camera di Commercio di Tenerife- info covid 19<\/p>\n<p dir=\"ltr\"><a href=\"https:\/\/www.camaratenerife.com\/noticias\/22398-informacion-de-interes-sobre-el-covid-19\" target=\"_blank\" rel=\"noopener noreferrer\">https:\/\/www.camaratenerife.com\/noticias\/22398-informacion-de-interes-sobre-el-covid-19<\/a><\/p>\n<p dir=\"ltr\">Link alla Camera di Commercio Spagnola &#8211; info covid 19<\/p>\n<\/p>\n<p dir=\"ltr\"><a href=\"https:\/\/www.camara.es\/sistema-cameral-ante-crisis-coronavirus\" target=\"_blank\" rel=\"noopener noreferrer\">La rete di telecamere di fronte alla crisi coronavirus<\/a><\/p>\n<\/p>\n<p dir=\"ltr\">CEOE info covid-19 link<\/p>\n<\/p>\n<p dir=\"ltr\"><a href=\"https:\/\/www.ceoe.es\/blog\/informacion-sobre-el-covid-19\/\" target=\"_blank\" rel=\"noopener noreferrer\">https:\/\/www.ceoe.es\/blog\/informacion-sobre-el-covid-19\/<\/a><\/p>\n<\/p>\n<p dir=\"ltr\">Link UGT info covid-19<\/p>\n<\/p>\n<p dir=\"ltr\"><a href=\"https:\/\/www.ugt.es\/informacion-de-interes-sobre-el-coronavirus\" target=\"_blank\" rel=\"noopener noreferrer\">https:\/\/www.ugt.es\/informacion-de-interes-sobre-el-coronavirus<\/a><\/p>\n<\/p>\n<p dir=\"ltr\">Risorse tecnologiche per PMI e liberi professionisti<\/p>\n<\/p>\n<p dir=\"ltr\"><a href=\"https:\/\/www.redcide.es\/covid-19\" target=\"_blank\" rel=\"noopener noreferrer\">https:\/\/www.redcide.es\/covid-19<\/a><\/p><\/p>\n\t\t\t\t\t\t\t\t<\/div>\n\t\t\t\t<\/div>\n\t\t\t\t\t<\/div>\n\t\t<\/div>\n\t\t\t\t<div class=\"elementor-column elementor-col-50 elementor-inner-column elementor-element elementor-element-b595b0f\" data-id=\"b595b0f\" data-element_type=\"column\" data-e-type=\"column\">\n\t\t\t<div class=\"elementor-widget-wrap elementor-element-populated\">\n\t\t\t\t\t\t<div class=\"elementor-element elementor-element-54b7cb3 elementor-share-buttons--view-icon-text elementor-share-buttons--skin-gradient elementor-share-buttons--shape-square elementor-grid-0 elementor-share-buttons--color-official elementor-widget elementor-widget-share-buttons\" data-id=\"54b7cb3\" data-element_type=\"widget\" data-e-type=\"widget\" data-widget_type=\"share-buttons.default\">\n\t\t\t\t<div class=\"elementor-widget-container\">\n\t\t\t\t\t\t\t<div class=\"elementor-grid\" role=\"list\">\n\t\t\t\t\t\t\t\t<div class=\"elementor-grid-item\" role=\"listitem\">\n\t\t\t\t\t\t<div class=\"elementor-share-btn elementor-share-btn_facebook\" role=\"button\" tabindex=\"0\" aria-label=\"Condividi su facebook\">\n\t\t\t\t\t\t\t\t\t\t\t\t\t\t\t<span class=\"elementor-share-btn__icon\">\n\t\t\t\t\t\t\t\t<i class=\"fab fa-facebook\" aria-hidden=\"true\"><\/i>\t\t\t\t\t\t\t<\/span>\n\t\t\t\t\t\t\t\t\t\t\t\t\t\t\t\t\t\t\t\t\t\t<div class=\"elementor-share-btn__text\">\n\t\t\t\t\t\t\t\t\t\t\t\t\t\t\t\t\t\t\t<span class=\"elementor-share-btn__title\">\n\t\t\t\t\t\t\t\t\t\tFacebook\t\t\t\t\t\t\t\t\t<\/span>\n\t\t\t\t\t\t\t\t\t\t\t\t\t\t\t\t\t<\/div>\n\t\t\t\t\t\t\t\t\t\t\t\t\t<\/div>\n\t\t\t\t\t<\/div>\n\t\t\t\t\t\t\t\t\t<div class=\"elementor-grid-item\" role=\"listitem\">\n\t\t\t\t\t\t<div class=\"elementor-share-btn elementor-share-btn_twitter\" role=\"button\" tabindex=\"0\" aria-label=\"Condividi su twitter\">\n\t\t\t\t\t\t\t\t\t\t\t\t\t\t\t<span class=\"elementor-share-btn__icon\">\n\t\t\t\t\t\t\t\t<i class=\"fab fa-twitter\" aria-hidden=\"true\"><\/i>\t\t\t\t\t\t\t<\/span>\n\t\t\t\t\t\t\t\t\t\t\t\t\t\t\t\t\t\t\t\t\t\t<div class=\"elementor-share-btn__text\">\n\t\t\t\t\t\t\t\t\t\t\t\t\t\t\t\t\t\t\t<span class=\"elementor-share-btn__title\">\n\t\t\t\t\t\t\t\t\t\tTwitter\t\t\t\t\t\t\t\t\t<\/span>\n\t\t\t\t\t\t\t\t\t\t\t\t\t\t\t\t\t<\/div>\n\t\t\t\t\t\t\t\t\t\t\t\t\t<\/div>\n\t\t\t\t\t<\/div>\n\t\t\t\t\t\t\t\t\t<div class=\"elementor-grid-item\" role=\"listitem\">\n\t\t\t\t\t\t<div class=\"elementor-share-btn elementor-share-btn_linkedin\" role=\"button\" tabindex=\"0\" aria-label=\"Condividi su linkedin\">\n\t\t\t\t\t\t\t\t\t\t\t\t\t\t\t<span class=\"elementor-share-btn__icon\">\n\t\t\t\t\t\t\t\t<i class=\"fab fa-linkedin\" aria-hidden=\"true\"><\/i>\t\t\t\t\t\t\t<\/span>\n\t\t\t\t\t\t\t\t\t\t\t\t\t\t\t\t\t\t\t\t\t\t<div class=\"elementor-share-btn__text\">\n\t\t\t\t\t\t\t\t\t\t\t\t\t\t\t\t\t\t\t<span class=\"elementor-share-btn__title\">\n\t\t\t\t\t\t\t\t\t\tLinkedIn\t\t\t\t\t\t\t\t\t<\/span>\n\t\t\t\t\t\t\t\t\t\t\t\t\t\t\t\t\t<\/div>\n\t\t\t\t\t\t\t\t\t\t\t\t\t<\/div>\n\t\t\t\t\t<\/div>\n\t\t\t\t\t\t<\/div>\n\t\t\t\t\t\t<\/div>\n\t\t\t\t<\/div>\n\t\t\t\t<div class=\"elementor-element elementor-element-1ecdd05 elementor-widget elementor-widget-heading\" data-id=\"1ecdd05\" data-element_type=\"widget\" data-e-type=\"widget\" data-widget_type=\"heading.default\">\n\t\t\t\t<div class=\"elementor-widget-container\">\n\t\t\t\t\t<h5 class=\"elementor-heading-title elementor-size-default\">Iscriviti e ricevi nuovi post nella tua email<\/h5>\t\t\t\t<\/div>\n\t\t\t\t<\/div>\n\t\t\t\t<div class=\"elementor-element elementor-element-6abaab2 elementor-widget elementor-widget-shortcode\" data-id=\"6abaab2\" data-element_type=\"widget\" data-e-type=\"widget\" data-widget_type=\"shortcode.default\">\n\t\t\t\t<div class=\"elementor-widget-container\">\n\t\t\t\t\t\t\t<div class=\"elementor-shortcode\"><div class=\"emaillist\" id=\"es_form_f1-n1\"><form action=\"\/it\/wp-json\/wp\/v2\/posts\/13179#es_form_f1-n1\" method=\"post\" class=\"es_subscription_form es_shortcode_form  es_ajax_subscription_form\" id=\"es_subscription_form_69f38ba90562a\" data-source=\"ig-es\" data-form-id=\"1\"><div class=\"es-field-wrap\"><label>Nombre*<br \/><input type=\"text\" name=\"esfpx_name\" class=\"ig_es_form_field_name\" placeholder=\"\" value=\"\" required=\"required\" \/><\/label><\/div><div class=\"es-field-wrap ig-es-form-field\"><label class=\"es-field-label\">Email*<br \/><input class=\"es_required_field es_txt_email ig_es_form_field_email ig-es-form-input\" type=\"email\" name=\"esfpx_email\" value=\"\" placeholder=\"\" required=\"required\" \/><\/label><\/div><input type=\"hidden\" name=\"esfpx_lists[]\" value=\"ddbab6aeddfe\" \/><input type=\"hidden\" name=\"esfpx_form_id\" value=\"1\" \/><input type=\"hidden\" name=\"es\" value=\"subscribe\" \/>\n\t\t\t<input type=\"hidden\" name=\"esfpx_es_form_identifier\" value=\"f1-n1\" \/>\n\t\t\t<input type=\"hidden\" name=\"esfpx_es_email_page\" value=\"13179\" \/>\n\t\t\t<input type=\"hidden\" name=\"esfpx_es_email_page_url\" value=\"https:\/\/www.elmedanotenerife.es\/it\/covid-dellagenzia-di-sviluppo-locale-19\/\" \/>\n\t\t\t<input type=\"hidden\" name=\"esfpx_status\" value=\"Unconfirmed\" \/>\n\t\t\t<input type=\"hidden\" name=\"esfpx_es-subscribe\" id=\"es-subscribe-69f38ba90562a\" value=\"b4bca92275\" \/>\n\t\t\t<label style=\"position:absolute;top:-99999px;left:-99999px;z-index:-99;\" aria-hidden=\"true\"><span hidden>Please leave this field empty.<\/span><input type=\"email\" name=\"esfpx_es_hp_email\" class=\"es_required_field\" tabindex=\"-1\" autocomplete=\"-1\" value=\"\" \/><\/label><label style=\"display: inline\"><input type=\"checkbox\" name=\"es_gdpr_consent\" value=\"true\" required=\"required\" \/>&nbsp;He le\u00eddo y acepto la Pol\u00edtica de Privacidad<\/label><br \/><input type=\"submit\" name=\"submit\" class=\"es_subscription_form_submit es_submit_button es_textbox_button\" id=\"es_subscription_form_submit_69f38ba90562a\" value=\"Recibir notificaciones\" \/><span class=\"es_spinner_image\" id=\"spinner-image\"><img decoding=\"async\" src=\"https:\/\/www.elmedanotenerife.es\/wp-content\/plugins\/email-subscribers\/lite\/public\/images\/spinner.gif\" alt=\"Loading\" \/><\/span><\/form><span class=\"es_subscription_message \" id=\"es_subscription_message_69f38ba90562a\" role=\"alert\" aria-live=\"assertive\"><\/span><\/div><\/div>\n\t\t\t\t\t\t<\/div>\n\t\t\t\t<\/div>\n\t\t\t\t<div class=\"elementor-element elementor-element-533b273 elementor-widget-divider--view-line elementor-widget elementor-widget-divider\" data-id=\"533b273\" data-element_type=\"widget\" data-e-type=\"widget\" data-widget_type=\"divider.default\">\n\t\t\t\t<div class=\"elementor-widget-container\">\n\t\t\t\t\t\t\t<div class=\"elementor-divider\">\n\t\t\t<span class=\"elementor-divider-separator\">\n\t\t\t\t\t\t<\/span>\n\t\t<\/div>\n\t\t\t\t\t\t<\/div>\n\t\t\t\t<\/div>\n\t\t\t\t\t<\/div>\n\t\t<\/div>\n\t\t\t\t\t<\/div>\n\t\t<\/section>\n\t\t\t\t\t<\/div>\n\t\t<\/div>\n\t\t\t\t\t<\/div>\n\t\t<\/section>\n\t\t\t\t<\/div>\n\t\t","protected":false},"excerpt":{"rendered":"<p>COVID 19 DELL&#8217;AGENZIA DI SVILUPPO LOCALE Telefono diretto: 922 75 81 11 E-mail: aedl@granadilladeabona.org Facebook: Agenzia per lo sviluppo di Granadilla Consulenza telematica e telefonica su tutti i tipi di sovvenzioni e sovvenzioni Preparazione delle sovvenzioni per liberi professionisti, micro&hellip;<\/p>\n","protected":false},"author":1,"featured_media":13165,"comment_status":"open","ping_status":"closed","sticky":false,"template":"elementor_header_footer","format":"standard","meta":{"_bbp_topic_count":0,"_bbp_reply_count":0,"_bbp_total_topic_count":0,"_bbp_total_reply_count":0,"_bbp_voice_count":0,"_bbp_anonymous_reply_count":0,"_bbp_topic_count_hidden":0,"_bbp_reply_count_hidden":0,"_bbp_forum_subforum_count":0,"footnotes":""},"categories":[477],"tags":[],"class_list":["post-13179","post","type-post","status-publish","format-standard","has-post-thumbnail","hentry","category-sin-categorizar-it"],"yoast_head":"<!-- This site is optimized with the Yoast SEO plugin v27.5 - https:\/\/yoast.com\/product\/yoast-seo-wordpress\/ -->\n<title>COVID 19 DELL&#039;AGENZIA DI SVILUPPO LOCALE - El M\u00e9dano Tenerife<\/title>\n<meta name=\"description\" content=\"Tutto quello che c&#039;\u00e8 da sapere sull&#039;apertura della scadenza per gli aiuti autonomi e sulla nuova sovvenzione per aumentare l&#039;aliquota forfettaria di un anno.\" \/>\n<meta name=\"robots\" content=\"index, follow, max-snippet:-1, max-image-preview:large, max-video-preview:-1\" \/>\n<link rel=\"canonical\" href=\"https:\/\/www.elmedanotenerife.es\/it\/covid-dellagenzia-di-sviluppo-locale-19\/\" \/>\n<meta property=\"og:locale\" content=\"it_IT\" \/>\n<meta property=\"og:type\" content=\"article\" \/>\n<meta property=\"og:title\" content=\"COVID 19 DELL&#039;AGENZIA DI SVILUPPO LOCALE - El M\u00e9dano Tenerife\" \/>\n<meta property=\"og:description\" content=\"Tutto quello che c&#039;\u00e8 da sapere sull&#039;apertura della scadenza per gli aiuti autonomi e sulla nuova sovvenzione per aumentare l&#039;aliquota forfettaria di un anno.\" \/>\n<meta property=\"og:url\" content=\"https:\/\/www.elmedanotenerife.es\/it\/covid-dellagenzia-di-sviluppo-locale-19\/\" \/>\n<meta property=\"og:site_name\" content=\"El M\u00e9dano Tenerife\" \/>\n<meta property=\"article:published_time\" content=\"2020-05-27T09:53:12+00:00\" \/>\n<meta property=\"article:modified_time\" content=\"2020-05-27T10:07:37+00:00\" \/>\n<meta property=\"og:image\" content=\"https:\/\/www.elmedanotenerife.es\/wp-content\/uploads\/2020\/05\/Disen\u0303o-sin-ti\u0301tulo.png\" \/>\n\t<meta property=\"og:image:width\" content=\"400\" \/>\n\t<meta property=\"og:image:height\" content=\"200\" \/>\n\t<meta property=\"og:image:type\" content=\"image\/png\" \/>\n<meta name=\"author\" content=\"El M\u00e9dano Accesible\" \/>\n<meta name=\"twitter:card\" content=\"summary_large_image\" \/>\n<meta name=\"twitter:label1\" content=\"Scritto da\" \/>\n\t<meta name=\"twitter:data1\" content=\"El M\u00e9dano Accesible\" \/>\n\t<meta name=\"twitter:label2\" content=\"Tempo di lettura stimato\" \/>\n\t<meta name=\"twitter:data2\" content=\"3 minuti\" \/>\n<script type=\"application\/ld+json\" class=\"yoast-schema-graph\">{\"@context\":\"https:\\\/\\\/schema.org\",\"@graph\":[{\"@type\":\"Article\",\"@id\":\"https:\\\/\\\/www.elmedanotenerife.es\\\/it\\\/covid-dellagenzia-di-sviluppo-locale-19\\\/#article\",\"isPartOf\":{\"@id\":\"https:\\\/\\\/www.elmedanotenerife.es\\\/it\\\/covid-dellagenzia-di-sviluppo-locale-19\\\/\"},\"author\":{\"name\":\"El M\u00e9dano Accesible\",\"@id\":\"https:\\\/\\\/www.elmedanotenerife.es\\\/it\\\/#\\\/schema\\\/person\\\/3b07b593a45143e9746461d2f738c14d\"},\"headline\":\"COVID 19 DELL&#8217;AGENZIA DI SVILUPPO LOCALE\",\"datePublished\":\"2020-05-27T09:53:12+00:00\",\"dateModified\":\"2020-05-27T10:07:37+00:00\",\"mainEntityOfPage\":{\"@id\":\"https:\\\/\\\/www.elmedanotenerife.es\\\/it\\\/covid-dellagenzia-di-sviluppo-locale-19\\\/\"},\"wordCount\":529,\"commentCount\":0,\"image\":{\"@id\":\"https:\\\/\\\/www.elmedanotenerife.es\\\/it\\\/covid-dellagenzia-di-sviluppo-locale-19\\\/#primaryimage\"},\"thumbnailUrl\":\"https:\\\/\\\/www.elmedanotenerife.es\\\/wp-content\\\/uploads\\\/2020\\\/05\\\/Disen\u0303o-sin-ti\u0301tulo.png\",\"articleSection\":[\"Sin categorizar\"],\"inLanguage\":\"it-IT\",\"potentialAction\":[{\"@type\":\"CommentAction\",\"name\":\"Comment\",\"target\":[\"https:\\\/\\\/www.elmedanotenerife.es\\\/it\\\/covid-dellagenzia-di-sviluppo-locale-19\\\/#respond\"]}]},{\"@type\":\"WebPage\",\"@id\":\"https:\\\/\\\/www.elmedanotenerife.es\\\/it\\\/covid-dellagenzia-di-sviluppo-locale-19\\\/\",\"url\":\"https:\\\/\\\/www.elmedanotenerife.es\\\/it\\\/covid-dellagenzia-di-sviluppo-locale-19\\\/\",\"name\":\"COVID 19 DELL'AGENZIA DI SVILUPPO LOCALE - El M\u00e9dano Tenerife\",\"isPartOf\":{\"@id\":\"https:\\\/\\\/www.elmedanotenerife.es\\\/it\\\/#website\"},\"primaryImageOfPage\":{\"@id\":\"https:\\\/\\\/www.elmedanotenerife.es\\\/it\\\/covid-dellagenzia-di-sviluppo-locale-19\\\/#primaryimage\"},\"image\":{\"@id\":\"https:\\\/\\\/www.elmedanotenerife.es\\\/it\\\/covid-dellagenzia-di-sviluppo-locale-19\\\/#primaryimage\"},\"thumbnailUrl\":\"https:\\\/\\\/www.elmedanotenerife.es\\\/wp-content\\\/uploads\\\/2020\\\/05\\\/Disen\u0303o-sin-ti\u0301tulo.png\",\"datePublished\":\"2020-05-27T09:53:12+00:00\",\"dateModified\":\"2020-05-27T10:07:37+00:00\",\"author\":{\"@id\":\"https:\\\/\\\/www.elmedanotenerife.es\\\/it\\\/#\\\/schema\\\/person\\\/3b07b593a45143e9746461d2f738c14d\"},\"description\":\"Tutto quello che c'\u00e8 da sapere sull'apertura della scadenza per gli aiuti autonomi e sulla nuova sovvenzione per aumentare l'aliquota forfettaria di un anno.\",\"breadcrumb\":{\"@id\":\"https:\\\/\\\/www.elmedanotenerife.es\\\/it\\\/covid-dellagenzia-di-sviluppo-locale-19\\\/#breadcrumb\"},\"inLanguage\":\"it-IT\",\"potentialAction\":[{\"@type\":\"ReadAction\",\"target\":[\"https:\\\/\\\/www.elmedanotenerife.es\\\/it\\\/covid-dellagenzia-di-sviluppo-locale-19\\\/\"]}]},{\"@type\":\"ImageObject\",\"inLanguage\":\"it-IT\",\"@id\":\"https:\\\/\\\/www.elmedanotenerife.es\\\/it\\\/covid-dellagenzia-di-sviluppo-locale-19\\\/#primaryimage\",\"url\":\"https:\\\/\\\/www.elmedanotenerife.es\\\/wp-content\\\/uploads\\\/2020\\\/05\\\/Disen\u0303o-sin-ti\u0301tulo.png\",\"contentUrl\":\"https:\\\/\\\/www.elmedanotenerife.es\\\/wp-content\\\/uploads\\\/2020\\\/05\\\/Disen\u0303o-sin-ti\u0301tulo.png\",\"width\":400,\"height\":200},{\"@type\":\"BreadcrumbList\",\"@id\":\"https:\\\/\\\/www.elmedanotenerife.es\\\/it\\\/covid-dellagenzia-di-sviluppo-locale-19\\\/#breadcrumb\",\"itemListElement\":[{\"@type\":\"ListItem\",\"position\":1,\"name\":\"Portada\",\"item\":\"https:\\\/\\\/www.elmedanotenerife.es\\\/it\\\/\"},{\"@type\":\"ListItem\",\"position\":2,\"name\":\"COVID 19 DELL&#8217;AGENZIA DI SVILUPPO LOCALE\"}]},{\"@type\":\"WebSite\",\"@id\":\"https:\\\/\\\/www.elmedanotenerife.es\\\/it\\\/#website\",\"url\":\"https:\\\/\\\/www.elmedanotenerife.es\\\/it\\\/\",\"name\":\"El M\u00e9dano Tenerife\",\"description\":\"\",\"potentialAction\":[{\"@type\":\"SearchAction\",\"target\":{\"@type\":\"EntryPoint\",\"urlTemplate\":\"https:\\\/\\\/www.elmedanotenerife.es\\\/it\\\/?s={search_term_string}\"},\"query-input\":{\"@type\":\"PropertyValueSpecification\",\"valueRequired\":true,\"valueName\":\"search_term_string\"}}],\"inLanguage\":\"it-IT\"},{\"@type\":\"Person\",\"@id\":\"https:\\\/\\\/www.elmedanotenerife.es\\\/it\\\/#\\\/schema\\\/person\\\/3b07b593a45143e9746461d2f738c14d\",\"name\":\"El M\u00e9dano Accesible\",\"image\":{\"@type\":\"ImageObject\",\"inLanguage\":\"it-IT\",\"@id\":\"https:\\\/\\\/secure.gravatar.com\\\/avatar\\\/434ad405ac9f533d2c4b0516a982d40ddab6d50aefef747a7c29f77cd7f94ced?s=96&d=mm&r=g\",\"url\":\"https:\\\/\\\/secure.gravatar.com\\\/avatar\\\/434ad405ac9f533d2c4b0516a982d40ddab6d50aefef747a7c29f77cd7f94ced?s=96&d=mm&r=g\",\"contentUrl\":\"https:\\\/\\\/secure.gravatar.com\\\/avatar\\\/434ad405ac9f533d2c4b0516a982d40ddab6d50aefef747a7c29f77cd7f94ced?s=96&d=mm&r=g\",\"caption\":\"El M\u00e9dano Accesible\"},\"url\":\"https:\\\/\\\/www.elmedanotenerife.es\\\/it\\\/author\\\/medialife_a6midkqq\\\/\"}]}<\/script>\n<!-- \/ Yoast SEO plugin. -->","yoast_head_json":{"title":"COVID 19 DELL'AGENZIA DI SVILUPPO LOCALE - El M\u00e9dano Tenerife","description":"Tutto quello che c'\u00e8 da sapere sull'apertura della scadenza per gli aiuti autonomi e sulla nuova sovvenzione per aumentare l'aliquota forfettaria di un anno.","robots":{"index":"index","follow":"follow","max-snippet":"max-snippet:-1","max-image-preview":"max-image-preview:large","max-video-preview":"max-video-preview:-1"},"canonical":"https:\/\/www.elmedanotenerife.es\/it\/covid-dellagenzia-di-sviluppo-locale-19\/","og_locale":"it_IT","og_type":"article","og_title":"COVID 19 DELL'AGENZIA DI SVILUPPO LOCALE - El M\u00e9dano Tenerife","og_description":"Tutto quello che c'\u00e8 da sapere sull'apertura della scadenza per gli aiuti autonomi e sulla nuova sovvenzione per aumentare l'aliquota forfettaria di un anno.","og_url":"https:\/\/www.elmedanotenerife.es\/it\/covid-dellagenzia-di-sviluppo-locale-19\/","og_site_name":"El M\u00e9dano Tenerife","article_published_time":"2020-05-27T09:53:12+00:00","article_modified_time":"2020-05-27T10:07:37+00:00","og_image":[{"width":400,"height":200,"url":"https:\/\/www.elmedanotenerife.es\/wp-content\/uploads\/2020\/05\/Disen\u0303o-sin-ti\u0301tulo.png","type":"image\/png"}],"author":"El M\u00e9dano Accesible","twitter_card":"summary_large_image","twitter_misc":{"Scritto da":"El M\u00e9dano Accesible","Tempo di lettura stimato":"3 minuti"},"schema":{"@context":"https:\/\/schema.org","@graph":[{"@type":"Article","@id":"https:\/\/www.elmedanotenerife.es\/it\/covid-dellagenzia-di-sviluppo-locale-19\/#article","isPartOf":{"@id":"https:\/\/www.elmedanotenerife.es\/it\/covid-dellagenzia-di-sviluppo-locale-19\/"},"author":{"name":"El M\u00e9dano Accesible","@id":"https:\/\/www.elmedanotenerife.es\/it\/#\/schema\/person\/3b07b593a45143e9746461d2f738c14d"},"headline":"COVID 19 DELL&#8217;AGENZIA DI SVILUPPO LOCALE","datePublished":"2020-05-27T09:53:12+00:00","dateModified":"2020-05-27T10:07:37+00:00","mainEntityOfPage":{"@id":"https:\/\/www.elmedanotenerife.es\/it\/covid-dellagenzia-di-sviluppo-locale-19\/"},"wordCount":529,"commentCount":0,"image":{"@id":"https:\/\/www.elmedanotenerife.es\/it\/covid-dellagenzia-di-sviluppo-locale-19\/#primaryimage"},"thumbnailUrl":"https:\/\/www.elmedanotenerife.es\/wp-content\/uploads\/2020\/05\/Disen\u0303o-sin-ti\u0301tulo.png","articleSection":["Sin categorizar"],"inLanguage":"it-IT","potentialAction":[{"@type":"CommentAction","name":"Comment","target":["https:\/\/www.elmedanotenerife.es\/it\/covid-dellagenzia-di-sviluppo-locale-19\/#respond"]}]},{"@type":"WebPage","@id":"https:\/\/www.elmedanotenerife.es\/it\/covid-dellagenzia-di-sviluppo-locale-19\/","url":"https:\/\/www.elmedanotenerife.es\/it\/covid-dellagenzia-di-sviluppo-locale-19\/","name":"COVID 19 DELL'AGENZIA DI SVILUPPO LOCALE - El M\u00e9dano Tenerife","isPartOf":{"@id":"https:\/\/www.elmedanotenerife.es\/it\/#website"},"primaryImageOfPage":{"@id":"https:\/\/www.elmedanotenerife.es\/it\/covid-dellagenzia-di-sviluppo-locale-19\/#primaryimage"},"image":{"@id":"https:\/\/www.elmedanotenerife.es\/it\/covid-dellagenzia-di-sviluppo-locale-19\/#primaryimage"},"thumbnailUrl":"https:\/\/www.elmedanotenerife.es\/wp-content\/uploads\/2020\/05\/Disen\u0303o-sin-ti\u0301tulo.png","datePublished":"2020-05-27T09:53:12+00:00","dateModified":"2020-05-27T10:07:37+00:00","author":{"@id":"https:\/\/www.elmedanotenerife.es\/it\/#\/schema\/person\/3b07b593a45143e9746461d2f738c14d"},"description":"Tutto quello che c'\u00e8 da sapere sull'apertura della scadenza per gli aiuti autonomi e sulla nuova sovvenzione per aumentare l'aliquota forfettaria di un anno.","breadcrumb":{"@id":"https:\/\/www.elmedanotenerife.es\/it\/covid-dellagenzia-di-sviluppo-locale-19\/#breadcrumb"},"inLanguage":"it-IT","potentialAction":[{"@type":"ReadAction","target":["https:\/\/www.elmedanotenerife.es\/it\/covid-dellagenzia-di-sviluppo-locale-19\/"]}]},{"@type":"ImageObject","inLanguage":"it-IT","@id":"https:\/\/www.elmedanotenerife.es\/it\/covid-dellagenzia-di-sviluppo-locale-19\/#primaryimage","url":"https:\/\/www.elmedanotenerife.es\/wp-content\/uploads\/2020\/05\/Disen\u0303o-sin-ti\u0301tulo.png","contentUrl":"https:\/\/www.elmedanotenerife.es\/wp-content\/uploads\/2020\/05\/Disen\u0303o-sin-ti\u0301tulo.png","width":400,"height":200},{"@type":"BreadcrumbList","@id":"https:\/\/www.elmedanotenerife.es\/it\/covid-dellagenzia-di-sviluppo-locale-19\/#breadcrumb","itemListElement":[{"@type":"ListItem","position":1,"name":"Portada","item":"https:\/\/www.elmedanotenerife.es\/it\/"},{"@type":"ListItem","position":2,"name":"COVID 19 DELL&#8217;AGENZIA DI SVILUPPO LOCALE"}]},{"@type":"WebSite","@id":"https:\/\/www.elmedanotenerife.es\/it\/#website","url":"https:\/\/www.elmedanotenerife.es\/it\/","name":"El M\u00e9dano Tenerife","description":"","potentialAction":[{"@type":"SearchAction","target":{"@type":"EntryPoint","urlTemplate":"https:\/\/www.elmedanotenerife.es\/it\/?s={search_term_string}"},"query-input":{"@type":"PropertyValueSpecification","valueRequired":true,"valueName":"search_term_string"}}],"inLanguage":"it-IT"},{"@type":"Person","@id":"https:\/\/www.elmedanotenerife.es\/it\/#\/schema\/person\/3b07b593a45143e9746461d2f738c14d","name":"El M\u00e9dano Accesible","image":{"@type":"ImageObject","inLanguage":"it-IT","@id":"https:\/\/secure.gravatar.com\/avatar\/434ad405ac9f533d2c4b0516a982d40ddab6d50aefef747a7c29f77cd7f94ced?s=96&d=mm&r=g","url":"https:\/\/secure.gravatar.com\/avatar\/434ad405ac9f533d2c4b0516a982d40ddab6d50aefef747a7c29f77cd7f94ced?s=96&d=mm&r=g","contentUrl":"https:\/\/secure.gravatar.com\/avatar\/434ad405ac9f533d2c4b0516a982d40ddab6d50aefef747a7c29f77cd7f94ced?s=96&d=mm&r=g","caption":"El M\u00e9dano Accesible"},"url":"https:\/\/www.elmedanotenerife.es\/it\/author\/medialife_a6midkqq\/"}]}},"post_mailing_queue_ids":[],"_links":{"self":[{"href":"https:\/\/www.elmedanotenerife.es\/it\/wp-json\/wp\/v2\/posts\/13179","targetHints":{"allow":["GET"]}}],"collection":[{"href":"https:\/\/www.elmedanotenerife.es\/it\/wp-json\/wp\/v2\/posts"}],"about":[{"href":"https:\/\/www.elmedanotenerife.es\/it\/wp-json\/wp\/v2\/types\/post"}],"author":[{"embeddable":true,"href":"https:\/\/www.elmedanotenerife.es\/it\/wp-json\/wp\/v2\/users\/1"}],"replies":[{"embeddable":true,"href":"https:\/\/www.elmedanotenerife.es\/it\/wp-json\/wp\/v2\/comments?post=13179"}],"version-history":[{"count":5,"href":"https:\/\/www.elmedanotenerife.es\/it\/wp-json\/wp\/v2\/posts\/13179\/revisions"}],"predecessor-version":[{"id":13201,"href":"https:\/\/www.elmedanotenerife.es\/it\/wp-json\/wp\/v2\/posts\/13179\/revisions\/13201"}],"wp:featuredmedia":[{"embeddable":true,"href":"https:\/\/www.elmedanotenerife.es\/it\/wp-json\/wp\/v2\/media\/13165"}],"wp:attachment":[{"href":"https:\/\/www.elmedanotenerife.es\/it\/wp-json\/wp\/v2\/media?parent=13179"}],"wp:term":[{"taxonomy":"category","embeddable":true,"href":"https:\/\/www.elmedanotenerife.es\/it\/wp-json\/wp\/v2\/categories?post=13179"},{"taxonomy":"post_tag","embeddable":true,"href":"https:\/\/www.elmedanotenerife.es\/it\/wp-json\/wp\/v2\/tags?post=13179"}],"curies":[{"name":"wp","href":"https:\/\/api.w.org\/{rel}","templated":true}]}}