{"id":13373,"date":"2021-02-03T21:06:44","date_gmt":"2021-02-03T19:06:44","guid":{"rendered":"https:\/\/www.elmedanotenerife.es\/el-medano-ha-una-directory-digitale-corsi-di-formazione-e-unapp-mobile\/"},"modified":"2021-02-03T21:06:46","modified_gmt":"2021-02-03T19:06:46","slug":"el-medano-ha-una-directory-digitale-corsi-di-formazione-e-unapp-mobile","status":"publish","type":"post","link":"https:\/\/www.elmedanotenerife.es\/it\/el-medano-ha-una-directory-digitale-corsi-di-formazione-e-unapp-mobile\/","title":{"rendered":"El M\u00e9dano ha una directory digitale, corsi di formazione e un&#8217;app mobile"},"content":{"rendered":"\t\t<div data-elementor-type=\"wp-post\" data-elementor-id=\"13373\" class=\"elementor elementor-13373 elementor-13242\" data-elementor-post-type=\"post\">\n\t\t\t\t\t\t<section class=\"elementor-section elementor-top-section elementor-element elementor-element-6974638c elementor-section-boxed elementor-section-height-default elementor-section-height-default\" data-id=\"6974638c\" data-element_type=\"section\" data-e-type=\"section\">\n\t\t\t\t\t\t<div class=\"elementor-container elementor-column-gap-default\">\n\t\t\t\t\t<div class=\"elementor-column elementor-col-100 elementor-top-column elementor-element elementor-element-4d4807e\" data-id=\"4d4807e\" data-element_type=\"column\" data-e-type=\"column\">\n\t\t\t<div class=\"elementor-widget-wrap elementor-element-populated\">\n\t\t\t\t\t\t<div class=\"elementor-element elementor-element-f47d9e6 elementor-widget elementor-widget-spacer\" data-id=\"f47d9e6\" data-element_type=\"widget\" data-e-type=\"widget\" data-widget_type=\"spacer.default\">\n\t\t\t\t<div class=\"elementor-widget-container\">\n\t\t\t\t\t\t\t<div class=\"elementor-spacer\">\n\t\t\t<div class=\"elementor-spacer-inner\"><\/div>\n\t\t<\/div>\n\t\t\t\t\t\t<\/div>\n\t\t\t\t<\/div>\n\t\t\t\t<div class=\"elementor-element elementor-element-fe66257 elementor-widget elementor-widget-theme-post-title elementor-page-title elementor-widget-heading\" data-id=\"fe66257\" data-element_type=\"widget\" data-e-type=\"widget\" data-widget_type=\"theme-post-title.default\">\n\t\t\t\t<div class=\"elementor-widget-container\">\n\t\t\t\t\t<h1 class=\"elementor-heading-title elementor-size-default\">El M\u00e9dano ha una directory digitale, corsi di formazione e un&#8217;app mobile<\/h1>\t\t\t\t<\/div>\n\t\t\t\t<\/div>\n\t\t\t\t<div class=\"elementor-element elementor-element-1a94617 elementor-widget elementor-widget-post-info\" data-id=\"1a94617\" data-element_type=\"widget\" data-e-type=\"widget\" data-widget_type=\"post-info.default\">\n\t\t\t\t<div class=\"elementor-widget-container\">\n\t\t\t\t\t\t\t<ul class=\"elementor-inline-items elementor-icon-list-items elementor-post-info\">\n\t\t\t\t\t\t\t\t<li class=\"elementor-icon-list-item elementor-repeater-item-e58e1b7 elementor-inline-item\" itemprop=\"datePublished\">\n\t\t\t\t\t\t<a href=\"https:\/\/www.elmedanotenerife.es\/it\/2021\/02\/03\/\">\n\t\t\t\t\t\t\t\t\t\t\t<span class=\"elementor-icon-list-icon\">\n\t\t\t\t\t\t\t\t<i aria-hidden=\"true\" class=\"fas fa-calendar\"><\/i>\t\t\t\t\t\t\t<\/span>\n\t\t\t\t\t\t\t\t\t<span class=\"elementor-icon-list-text elementor-post-info__item elementor-post-info__item--type-date\">\n\t\t\t\t\t\t\t\t\t\t<time>Febbraio 3, 2021<\/time>\t\t\t\t\t<\/span>\n\t\t\t\t\t\t\t\t\t<\/a>\n\t\t\t\t<\/li>\n\t\t\t\t<li class=\"elementor-icon-list-item elementor-repeater-item-7327d3a elementor-inline-item\">\n\t\t\t\t\t\t\t\t\t\t<span class=\"elementor-icon-list-icon\">\n\t\t\t\t\t\t\t\t<i aria-hidden=\"true\" class=\"far fa-clock\"><\/i>\t\t\t\t\t\t\t<\/span>\n\t\t\t\t\t\t\t\t\t<span class=\"elementor-icon-list-text elementor-post-info__item elementor-post-info__item--type-time\">\n\t\t\t\t\t\t\t\t\t\t<time>9:06 pm<\/time>\t\t\t\t\t<\/span>\n\t\t\t\t\t\t\t\t<\/li>\n\t\t\t\t<li class=\"elementor-icon-list-item elementor-repeater-item-b3e1124 elementor-inline-item\" itemprop=\"commentCount\">\n\t\t\t\t\t\t<a href=\"https:\/\/www.elmedanotenerife.es\/it\/el-medano-ha-una-directory-digitale-corsi-di-formazione-e-unapp-mobile\/#respond\">\n\t\t\t\t\t\t\t\t\t\t\t<span class=\"elementor-icon-list-icon\">\n\t\t\t\t\t\t\t\t<i aria-hidden=\"true\" class=\"far fa-comment-dots\"><\/i>\t\t\t\t\t\t\t<\/span>\n\t\t\t\t\t\t\t\t\t<span class=\"elementor-icon-list-text elementor-post-info__item elementor-post-info__item--type-comments\">\n\t\t\t\t\t\t\t\t\t\tNessun commento\t\t\t\t\t<\/span>\n\t\t\t\t\t\t\t\t\t<\/a>\n\t\t\t\t<\/li>\n\t\t\t\t<\/ul>\n\t\t\t\t\t\t<\/div>\n\t\t\t\t<\/div>\n\t\t\t\t<section class=\"elementor-section elementor-inner-section elementor-element elementor-element-e49f8c4 elementor-section-boxed elementor-section-height-default elementor-section-height-default\" data-id=\"e49f8c4\" data-element_type=\"section\" data-e-type=\"section\">\n\t\t\t\t\t\t<div class=\"elementor-container elementor-column-gap-default\">\n\t\t\t\t\t<div class=\"elementor-column elementor-col-50 elementor-inner-column elementor-element elementor-element-c593d92\" data-id=\"c593d92\" data-element_type=\"column\" data-e-type=\"column\">\n\t\t\t<div class=\"elementor-widget-wrap elementor-element-populated\">\n\t\t\t\t\t\t<div class=\"elementor-element elementor-element-0cd5b4e elementor-widget elementor-widget-text-editor\" data-id=\"0cd5b4e\" data-element_type=\"widget\" data-e-type=\"widget\" data-widget_type=\"text-editor.default\">\n\t\t\t\t<div class=\"elementor-widget-container\">\n\t\t\t\t\t\t\t\t\t<p><span style=\"color: #333333;\">El M\u00e9dano Accesible 2019 fa parte di un progetto promosso da<a style=\"font-weight: bold; color: #333333;\" href=\"https:\/\/ec.europa.eu\/regional_policy\/es\/funding\/erdf\/\"> Fondo di sviluppo regionale dell&#8217;Unione europea<\/a> e il<b><a style=\"color: #333333;\" href=\"https:\/\/www.camara.es\/\"> Camera di Commercio di Spagna<\/a><\/b> con lui<b><a style=\"color: #333333;\" href=\"http:\/\/www.granadilladeabona.org\/\"> Consiglio comunale di Granadilla de Abona<\/a><\/b> sviluppato con il titolo di &#8220;Sovvenzioni per P<i> Progetti singolari 2019 &#8220;<\/i><\/span><\/p>\n\t\t\t\t\t\t\t\t<\/div>\n\t\t\t\t<\/div>\n\t\t\t\t<div class=\"elementor-element elementor-element-6a370c4 elementor-widget elementor-widget-text-editor\" data-id=\"6a370c4\" data-element_type=\"widget\" data-e-type=\"widget\" data-widget_type=\"text-editor.default\">\n\t\t\t\t<div class=\"elementor-widget-container\">\n\t\t\t\t\t\t\t\t\t<p>In quell&#8217;anno, i fondi FESR e la Camera di Spagna hanno sviluppato una linea di sussidi per progetti di modernizzazione e digitalizzazione nel commercio all&#8217;interno delle aree commerciali aperte dei comuni della Spagna. Il Comune di Granadilla partecipa e il suo progetto per l&#8217;ammodernamento di El M\u00e9dano \u00e8 eleggibile.<\/p>\n<p>Ci\u00f2 consente di realizzare le azioni approvate consistenti nello sviluppo di tre linee di azione.<\/p><\/p>\n\t\t\t\t\t\t\t\t<\/div>\n\t\t\t\t<\/div>\n\t\t\t\t<div class=\"elementor-element elementor-element-1c950f2 elementor-widget elementor-widget-image\" data-id=\"1c950f2\" data-element_type=\"widget\" data-e-type=\"widget\" data-widget_type=\"image.default\">\n\t\t\t\t<div class=\"elementor-widget-container\">\n\t\t\t\t\t\t\t\t\t\t\t\t\t\t\t<img fetchpriority=\"high\" decoding=\"async\" width=\"1024\" height=\"488\" src=\"https:\/\/www.elmedanotenerife.es\/wp-content\/uploads\/2019\/12\/Desktop-1-1024x488.jpg\" class=\"attachment-large size-large wp-image-13269\" alt=\"\" srcset=\"https:\/\/www.elmedanotenerife.es\/wp-content\/uploads\/2019\/12\/Desktop-1-1024x488.jpg 1024w, https:\/\/www.elmedanotenerife.es\/wp-content\/uploads\/2019\/12\/Desktop-1-300x143.jpg 300w, https:\/\/www.elmedanotenerife.es\/wp-content\/uploads\/2019\/12\/Desktop-1-768x366.jpg 768w, https:\/\/www.elmedanotenerife.es\/wp-content\/uploads\/2019\/12\/Desktop-1-1536x733.jpg 1536w, https:\/\/www.elmedanotenerife.es\/wp-content\/uploads\/2019\/12\/Desktop-1-2048x977.jpg 2048w\" sizes=\"(max-width: 1024px) 100vw, 1024px\" \/>\t\t\t\t\t\t\t\t\t\t\t\t\t\t\t<\/div>\n\t\t\t\t<\/div>\n\t\t\t\t\t<\/div>\n\t\t<\/div>\n\t\t\t\t<div class=\"elementor-column elementor-col-50 elementor-inner-column elementor-element elementor-element-bc2ac93\" data-id=\"bc2ac93\" data-element_type=\"column\" data-e-type=\"column\">\n\t\t\t<div class=\"elementor-widget-wrap elementor-element-populated\">\n\t\t\t\t\t\t<div class=\"elementor-element elementor-element-280d147 elementor-share-buttons--view-icon-text elementor-share-buttons--skin-gradient elementor-share-buttons--shape-square elementor-grid-0 elementor-share-buttons--color-official elementor-widget elementor-widget-share-buttons\" data-id=\"280d147\" data-element_type=\"widget\" data-e-type=\"widget\" data-widget_type=\"share-buttons.default\">\n\t\t\t\t<div class=\"elementor-widget-container\">\n\t\t\t\t\t\t\t<div class=\"elementor-grid\" role=\"list\">\n\t\t\t\t\t\t\t\t<div class=\"elementor-grid-item\" role=\"listitem\">\n\t\t\t\t\t\t<div class=\"elementor-share-btn elementor-share-btn_facebook\" role=\"button\" tabindex=\"0\" aria-label=\"Condividi su facebook\">\n\t\t\t\t\t\t\t\t\t\t\t\t\t\t\t<span class=\"elementor-share-btn__icon\">\n\t\t\t\t\t\t\t\t<i class=\"fab fa-facebook\" aria-hidden=\"true\"><\/i>\t\t\t\t\t\t\t<\/span>\n\t\t\t\t\t\t\t\t\t\t\t\t\t\t\t\t\t\t\t\t\t\t<div class=\"elementor-share-btn__text\">\n\t\t\t\t\t\t\t\t\t\t\t\t\t\t\t\t\t\t\t<span class=\"elementor-share-btn__title\">\n\t\t\t\t\t\t\t\t\t\tFacebook\t\t\t\t\t\t\t\t\t<\/span>\n\t\t\t\t\t\t\t\t\t\t\t\t\t\t\t\t\t<\/div>\n\t\t\t\t\t\t\t\t\t\t\t\t\t<\/div>\n\t\t\t\t\t<\/div>\n\t\t\t\t\t\t\t\t\t<div class=\"elementor-grid-item\" role=\"listitem\">\n\t\t\t\t\t\t<div class=\"elementor-share-btn elementor-share-btn_twitter\" role=\"button\" tabindex=\"0\" aria-label=\"Condividi su twitter\">\n\t\t\t\t\t\t\t\t\t\t\t\t\t\t\t<span class=\"elementor-share-btn__icon\">\n\t\t\t\t\t\t\t\t<i class=\"fab fa-twitter\" aria-hidden=\"true\"><\/i>\t\t\t\t\t\t\t<\/span>\n\t\t\t\t\t\t\t\t\t\t\t\t\t\t\t\t\t\t\t\t\t\t<div class=\"elementor-share-btn__text\">\n\t\t\t\t\t\t\t\t\t\t\t\t\t\t\t\t\t\t\t<span class=\"elementor-share-btn__title\">\n\t\t\t\t\t\t\t\t\t\tTwitter\t\t\t\t\t\t\t\t\t<\/span>\n\t\t\t\t\t\t\t\t\t\t\t\t\t\t\t\t\t<\/div>\n\t\t\t\t\t\t\t\t\t\t\t\t\t<\/div>\n\t\t\t\t\t<\/div>\n\t\t\t\t\t\t\t\t\t<div class=\"elementor-grid-item\" role=\"listitem\">\n\t\t\t\t\t\t<div class=\"elementor-share-btn elementor-share-btn_linkedin\" role=\"button\" tabindex=\"0\" aria-label=\"Condividi su linkedin\">\n\t\t\t\t\t\t\t\t\t\t\t\t\t\t\t<span class=\"elementor-share-btn__icon\">\n\t\t\t\t\t\t\t\t<i class=\"fab fa-linkedin\" aria-hidden=\"true\"><\/i>\t\t\t\t\t\t\t<\/span>\n\t\t\t\t\t\t\t\t\t\t\t\t\t\t\t\t\t\t\t\t\t\t<div class=\"elementor-share-btn__text\">\n\t\t\t\t\t\t\t\t\t\t\t\t\t\t\t\t\t\t\t<span class=\"elementor-share-btn__title\">\n\t\t\t\t\t\t\t\t\t\tLinkedIn\t\t\t\t\t\t\t\t\t<\/span>\n\t\t\t\t\t\t\t\t\t\t\t\t\t\t\t\t\t<\/div>\n\t\t\t\t\t\t\t\t\t\t\t\t\t<\/div>\n\t\t\t\t\t<\/div>\n\t\t\t\t\t\t<\/div>\n\t\t\t\t\t\t<\/div>\n\t\t\t\t<\/div>\n\t\t\t\t<div class=\"elementor-element elementor-element-ecae16b elementor-widget elementor-widget-heading\" data-id=\"ecae16b\" data-element_type=\"widget\" data-e-type=\"widget\" data-widget_type=\"heading.default\">\n\t\t\t\t<div class=\"elementor-widget-container\">\n\t\t\t\t\t<h5 class=\"elementor-heading-title elementor-size-default\">Iscriviti e ricevi nuovi post nella tua email<\/h5>\t\t\t\t<\/div>\n\t\t\t\t<\/div>\n\t\t\t\t<div class=\"elementor-element elementor-element-3b092ba elementor-widget elementor-widget-shortcode\" data-id=\"3b092ba\" data-element_type=\"widget\" data-e-type=\"widget\" data-widget_type=\"shortcode.default\">\n\t\t\t\t<div class=\"elementor-widget-container\">\n\t\t\t\t\t\t\t<div class=\"elementor-shortcode\"><div class=\"emaillist\" id=\"es_form_f1-n1\"><form action=\"\/it\/wp-json\/wp\/v2\/posts\/13373#es_form_f1-n1\" method=\"post\" class=\"es_subscription_form es_shortcode_form  es_ajax_subscription_form\" id=\"es_subscription_form_69f352d33c7db\" data-source=\"ig-es\" data-form-id=\"1\"><div class=\"es-field-wrap\"><label>Nombre*<br \/><input type=\"text\" name=\"esfpx_name\" class=\"ig_es_form_field_name\" placeholder=\"\" value=\"\" required=\"required\" \/><\/label><\/div><div class=\"es-field-wrap ig-es-form-field\"><label class=\"es-field-label\">Email*<br \/><input class=\"es_required_field es_txt_email ig_es_form_field_email ig-es-form-input\" type=\"email\" name=\"esfpx_email\" value=\"\" placeholder=\"\" required=\"required\" \/><\/label><\/div><input type=\"hidden\" name=\"esfpx_lists[]\" value=\"ddbab6aeddfe\" \/><input type=\"hidden\" name=\"esfpx_form_id\" value=\"1\" \/><input type=\"hidden\" name=\"es\" value=\"subscribe\" \/>\n\t\t\t<input type=\"hidden\" name=\"esfpx_es_form_identifier\" value=\"f1-n1\" \/>\n\t\t\t<input type=\"hidden\" name=\"esfpx_es_email_page\" value=\"13373\" \/>\n\t\t\t<input type=\"hidden\" name=\"esfpx_es_email_page_url\" value=\"https:\/\/www.elmedanotenerife.es\/it\/el-medano-ha-una-directory-digitale-corsi-di-formazione-e-unapp-mobile\/\" \/>\n\t\t\t<input type=\"hidden\" name=\"esfpx_status\" value=\"Unconfirmed\" \/>\n\t\t\t<input type=\"hidden\" name=\"esfpx_es-subscribe\" id=\"es-subscribe-69f352d33c7db\" value=\"b4bca92275\" \/>\n\t\t\t<label style=\"position:absolute;top:-99999px;left:-99999px;z-index:-99;\" aria-hidden=\"true\"><span hidden>Please leave this field empty.<\/span><input type=\"email\" name=\"esfpx_es_hp_email\" class=\"es_required_field\" tabindex=\"-1\" autocomplete=\"-1\" value=\"\" \/><\/label><label style=\"display: inline\"><input type=\"checkbox\" name=\"es_gdpr_consent\" value=\"true\" required=\"required\" \/>&nbsp;He le\u00eddo y acepto la Pol\u00edtica de Privacidad<\/label><br \/><input type=\"submit\" name=\"submit\" class=\"es_subscription_form_submit es_submit_button es_textbox_button\" id=\"es_subscription_form_submit_69f352d33c7db\" value=\"Recibir notificaciones\" \/><span class=\"es_spinner_image\" id=\"spinner-image\"><img decoding=\"async\" src=\"https:\/\/www.elmedanotenerife.es\/wp-content\/plugins\/email-subscribers\/lite\/public\/images\/spinner.gif\" alt=\"Loading\" \/><\/span><\/form><span class=\"es_subscription_message \" id=\"es_subscription_message_69f352d33c7db\" role=\"alert\" aria-live=\"assertive\"><\/span><\/div><\/div>\n\t\t\t\t\t\t<\/div>\n\t\t\t\t<\/div>\n\t\t\t\t<div class=\"elementor-element elementor-element-1776c5d elementor-widget-divider--view-line elementor-widget elementor-widget-divider\" data-id=\"1776c5d\" data-element_type=\"widget\" data-e-type=\"widget\" data-widget_type=\"divider.default\">\n\t\t\t\t<div class=\"elementor-widget-container\">\n\t\t\t\t\t\t\t<div class=\"elementor-divider\">\n\t\t\t<span class=\"elementor-divider-separator\">\n\t\t\t\t\t\t<\/span>\n\t\t<\/div>\n\t\t\t\t\t\t<\/div>\n\t\t\t\t<\/div>\n\t\t\t\t<div class=\"elementor-element elementor-element-c043c64 elementor-widget elementor-widget-image\" data-id=\"c043c64\" data-element_type=\"widget\" data-e-type=\"widget\" data-widget_type=\"image.default\">\n\t\t\t\t<div class=\"elementor-widget-container\">\n\t\t\t\t\t\t\t\t\t\t\t\t\t\t\t<img decoding=\"async\" width=\"725\" height=\"285\" src=\"https:\/\/www.elmedanotenerife.es\/wp-content\/uploads\/2019\/12\/fondos-feder-new-2.jpg\" class=\"attachment-large size-large wp-image-13255\" alt=\"\" srcset=\"https:\/\/www.elmedanotenerife.es\/wp-content\/uploads\/2019\/12\/fondos-feder-new-2.jpg 725w, https:\/\/www.elmedanotenerife.es\/wp-content\/uploads\/2019\/12\/fondos-feder-new-2-300x118.jpg 300w\" sizes=\"(max-width: 725px) 100vw, 725px\" \/>\t\t\t\t\t\t\t\t\t\t\t\t\t\t\t<\/div>\n\t\t\t\t<\/div>\n\t\t\t\t\t<\/div>\n\t\t<\/div>\n\t\t\t\t\t<\/div>\n\t\t<\/section>\n\t\t\t\t<div class=\"elementor-element elementor-element-119ceec elementor-widget elementor-widget-spacer\" data-id=\"119ceec\" data-element_type=\"widget\" data-e-type=\"widget\" data-widget_type=\"spacer.default\">\n\t\t\t\t<div class=\"elementor-widget-container\">\n\t\t\t\t\t\t\t<div class=\"elementor-spacer\">\n\t\t\t<div class=\"elementor-spacer-inner\"><\/div>\n\t\t<\/div>\n\t\t\t\t\t\t<\/div>\n\t\t\t\t<\/div>\n\t\t\t\t<div class=\"elementor-element elementor-element-4ac4bb3 elementor-widget elementor-widget-text-editor\" data-id=\"4ac4bb3\" data-element_type=\"widget\" data-e-type=\"widget\" data-widget_type=\"text-editor.default\">\n\t\t\t\t<div class=\"elementor-widget-container\">\n\t\t\t\t\t\t\t\t\t<p>Prima di tutto, una pagina web che funger\u00e0 da directory digitale e il cui indirizzo Internet \u00e8<a href=\"https:\/\/www.elmedanotenerife.es\/it\/\"> www.elmedanotenerife.es<\/a> , che oltre alla directory commerciale contiene un&#8217;altra serie di utilit\u00e0 come<b> blog, meteo, farmacie reperibili, ecc.<\/b><\/p>\n\t\t\t\t\t\t\t\t<\/div>\n\t\t\t\t<\/div>\n\t\t\t\t<section class=\"elementor-section elementor-inner-section elementor-element elementor-element-abc00bb elementor-section-boxed elementor-section-height-default elementor-section-height-default\" data-id=\"abc00bb\" data-element_type=\"section\" data-e-type=\"section\">\n\t\t\t\t\t\t<div class=\"elementor-container elementor-column-gap-default\">\n\t\t\t\t\t<div class=\"elementor-column elementor-col-50 elementor-inner-column elementor-element elementor-element-eafafa4\" data-id=\"eafafa4\" data-element_type=\"column\" data-e-type=\"column\">\n\t\t\t<div class=\"elementor-widget-wrap elementor-element-populated\">\n\t\t\t\t\t\t<div class=\"elementor-element elementor-element-5981a54 elementor-widget elementor-widget-text-editor\" data-id=\"5981a54\" data-element_type=\"widget\" data-e-type=\"widget\" data-widget_type=\"text-editor.default\">\n\t\t\t\t<div class=\"elementor-widget-container\">\n\t\t\t\t\t\t\t\t\t<p>In secondo luogo, lo sviluppo di un&#8217;applicazione mobile di directory chiamata El M\u00e9dano , operativa sia per i cellulari Apple che per quelli che utilizzano il sistema operativo Android.<\/p>\n<p>E infine l&#8217;erogazione di corsi di formazione in marketing digitale ed e-commerce per gli imprenditori di questo nucleo commerciale e che consentano loro di dare utilit\u00e0 all&#8217;applicazione mobile e alla directory oltre che di conoscere i fondamenti del marketing digitale e dell&#8217;e-commerce.<\/p>\n<\/p>\n<p>Qualsiasi nuova societ\u00e0 creata a El M\u00e9dano pu\u00f2 aderire a questa iniziativa che il Consiglio Comunale propone di espandere al resto delle aree commerciali del comune purch\u00e9 abbia successo e pu\u00f2 avere finanziamenti per il suo sviluppo con nuove linee dei suddetti fondi.<\/p><\/p>\n\t\t\t\t\t\t\t\t<\/div>\n\t\t\t\t<\/div>\n\t\t\t\t\t<\/div>\n\t\t<\/div>\n\t\t\t\t<div class=\"elementor-column elementor-col-50 elementor-inner-column elementor-element elementor-element-a50353c\" data-id=\"a50353c\" data-element_type=\"column\" data-e-type=\"column\">\n\t\t\t<div class=\"elementor-widget-wrap elementor-element-populated\">\n\t\t\t\t\t\t<div class=\"elementor-element elementor-element-e0ff69d elementor-invisible elementor-widget elementor-widget-image\" data-id=\"e0ff69d\" data-element_type=\"widget\" data-e-type=\"widget\" data-settings=\"{&quot;_animation&quot;:&quot;zoomIn&quot;}\" data-widget_type=\"image.default\">\n\t\t\t\t<div class=\"elementor-widget-container\">\n\t\t\t\t\t\t\t\t\t\t\t\t\t\t\t<img decoding=\"async\" width=\"1024\" height=\"641\" src=\"https:\/\/www.elmedanotenerife.es\/wp-content\/uploads\/2019\/12\/Mobile-Mockups-1024x641.jpg\" class=\"attachment-large size-large wp-image-13274\" alt=\"\" srcset=\"https:\/\/www.elmedanotenerife.es\/wp-content\/uploads\/2019\/12\/Mobile-Mockups-1024x641.jpg 1024w, https:\/\/www.elmedanotenerife.es\/wp-content\/uploads\/2019\/12\/Mobile-Mockups-300x188.jpg 300w, https:\/\/www.elmedanotenerife.es\/wp-content\/uploads\/2019\/12\/Mobile-Mockups-768x481.jpg 768w, https:\/\/www.elmedanotenerife.es\/wp-content\/uploads\/2019\/12\/Mobile-Mockups-1536x961.jpg 1536w, https:\/\/www.elmedanotenerife.es\/wp-content\/uploads\/2019\/12\/Mobile-Mockups-2048x1282.jpg 2048w\" sizes=\"(max-width: 1024px) 100vw, 1024px\" \/>\t\t\t\t\t\t\t\t\t\t\t\t\t\t\t<\/div>\n\t\t\t\t<\/div>\n\t\t\t\t\t<\/div>\n\t\t<\/div>\n\t\t\t\t\t<\/div>\n\t\t<\/section>\n\t\t\t\t<div class=\"elementor-element elementor-element-b758a92 elementor-widget elementor-widget-text-editor\" data-id=\"b758a92\" data-element_type=\"widget\" data-e-type=\"widget\" data-widget_type=\"text-editor.default\">\n\t\t\t\t<div class=\"elementor-widget-container\">\n\t\t\t\t\t\t\t\t\t<p><span style=\"text-align: justify; color: #333333;\">Per qualsiasi domanda puoi contattare l&#8217;Agenzia di Sviluppo Locale del Comune di Granadilla de Abona, promotore del progetto al telefono<b><a style=\"color: #333333;\" href=\"http:\/\/tel:+34922758111\"> 922758111<\/a><\/b> o tramite e-mail a<a style=\"color: #333333;\" href=\"mailto:aedl@granadilladeabona.org\"> aedl@granadilladeabona.org<\/a><\/span><\/p>\n\t\t\t\t\t\t\t\t<\/div>\n\t\t\t\t<\/div>\n\t\t\t\t\t<\/div>\n\t\t<\/div>\n\t\t\t\t\t<\/div>\n\t\t<\/section>\n\t\t\t\t<section class=\"elementor-section elementor-top-section elementor-element elementor-element-070b411 elementor-section-boxed elementor-section-height-default elementor-section-height-default\" data-id=\"070b411\" data-element_type=\"section\" data-e-type=\"section\">\n\t\t\t\t\t\t<div class=\"elementor-container elementor-column-gap-default\">\n\t\t\t\t\t<div class=\"elementor-column elementor-col-100 elementor-top-column elementor-element elementor-element-b65f1ab\" data-id=\"b65f1ab\" data-element_type=\"column\" data-e-type=\"column\">\n\t\t\t<div class=\"elementor-widget-wrap elementor-element-populated\">\n\t\t\t\t\t\t\t<\/div>\n\t\t<\/div>\n\t\t\t\t\t<\/div>\n\t\t<\/section>\n\t\t\t\t<\/div>\n\t\t","protected":false},"excerpt":{"rendered":"<p>El M\u00e9dano Accesible 2019 fa parte di un progetto promosso da Fondo di sviluppo regionale dell&#8217;Unione europea e il Camera di Commercio di Spagna con lui Consiglio comunale di Granadilla de Abona sviluppato con il titolo di &#8220;Sovvenzioni per P&hellip;<\/p>\n","protected":false},"author":1,"featured_media":13269,"comment_status":"open","ping_status":"closed","sticky":false,"template":"elementor_header_footer","format":"standard","meta":{"_bbp_topic_count":0,"_bbp_reply_count":0,"_bbp_total_topic_count":0,"_bbp_total_reply_count":0,"_bbp_voice_count":0,"_bbp_anonymous_reply_count":0,"_bbp_topic_count_hidden":0,"_bbp_reply_count_hidden":0,"_bbp_forum_subforum_count":0,"footnotes":""},"categories":[477],"tags":[],"class_list":["post-13373","post","type-post","status-publish","format-standard","has-post-thumbnail","hentry","category-sin-categorizar-it"],"yoast_head":"<!-- This site is optimized with the Yoast SEO plugin v27.5 - https:\/\/yoast.com\/product\/yoast-seo-wordpress\/ -->\n<title>El M\u00e9dano ha una directory digitale, corsi di formazione e un&#039;app mobile - El M\u00e9dano Tenerife<\/title>\n<meta name=\"description\" content=\"El M\u00e9dano Accesible 2019 fa parte di un progetto promosso dal Fondo di Sviluppo Regionale dell&#039;Unione Europea e dalla Camera di Commercio\" \/>\n<meta name=\"robots\" content=\"index, follow, max-snippet:-1, max-image-preview:large, max-video-preview:-1\" \/>\n<link rel=\"canonical\" href=\"https:\/\/www.elmedanotenerife.es\/it\/el-medano-ha-una-directory-digitale-corsi-di-formazione-e-unapp-mobile\/\" \/>\n<meta property=\"og:locale\" content=\"it_IT\" \/>\n<meta property=\"og:type\" content=\"article\" \/>\n<meta property=\"og:title\" content=\"El M\u00e9dano ha una directory digitale, corsi di formazione e un&#039;app mobile - El M\u00e9dano Tenerife\" \/>\n<meta property=\"og:description\" content=\"El M\u00e9dano Accesible 2019 fa parte di un progetto promosso dal Fondo di Sviluppo Regionale dell&#039;Unione Europea e dalla Camera di Commercio\" \/>\n<meta property=\"og:url\" content=\"https:\/\/www.elmedanotenerife.es\/it\/el-medano-ha-una-directory-digitale-corsi-di-formazione-e-unapp-mobile\/\" \/>\n<meta property=\"og:site_name\" content=\"El M\u00e9dano Tenerife\" \/>\n<meta property=\"article:published_time\" content=\"2021-02-03T19:06:44+00:00\" \/>\n<meta property=\"article:modified_time\" content=\"2021-02-03T19:06:46+00:00\" \/>\n<meta property=\"og:image\" content=\"https:\/\/www.elmedanotenerife.es\/wp-content\/uploads\/2019\/12\/Desktop-1.jpg\" \/>\n\t<meta property=\"og:image:width\" content=\"6000\" \/>\n\t<meta property=\"og:image:height\" content=\"2862\" \/>\n\t<meta property=\"og:image:type\" content=\"image\/jpeg\" \/>\n<meta name=\"author\" content=\"El M\u00e9dano Accesible\" \/>\n<meta name=\"twitter:card\" content=\"summary_large_image\" \/>\n<meta name=\"twitter:label1\" content=\"Scritto da\" \/>\n\t<meta name=\"twitter:data1\" content=\"El M\u00e9dano Accesible\" \/>\n\t<meta name=\"twitter:label2\" content=\"Tempo di lettura stimato\" \/>\n\t<meta name=\"twitter:data2\" content=\"2 minuti\" \/>\n<script type=\"application\/ld+json\" class=\"yoast-schema-graph\">{\"@context\":\"https:\\\/\\\/schema.org\",\"@graph\":[{\"@type\":\"Article\",\"@id\":\"https:\\\/\\\/www.elmedanotenerife.es\\\/it\\\/el-medano-ha-una-directory-digitale-corsi-di-formazione-e-unapp-mobile\\\/#article\",\"isPartOf\":{\"@id\":\"https:\\\/\\\/www.elmedanotenerife.es\\\/it\\\/el-medano-ha-una-directory-digitale-corsi-di-formazione-e-unapp-mobile\\\/\"},\"author\":{\"name\":\"El M\u00e9dano Accesible\",\"@id\":\"https:\\\/\\\/www.elmedanotenerife.es\\\/it\\\/#\\\/schema\\\/person\\\/3b07b593a45143e9746461d2f738c14d\"},\"headline\":\"El M\u00e9dano ha una directory digitale, corsi di formazione e un&#8217;app mobile\",\"datePublished\":\"2021-02-03T19:06:44+00:00\",\"dateModified\":\"2021-02-03T19:06:46+00:00\",\"mainEntityOfPage\":{\"@id\":\"https:\\\/\\\/www.elmedanotenerife.es\\\/it\\\/el-medano-ha-una-directory-digitale-corsi-di-formazione-e-unapp-mobile\\\/\"},\"wordCount\":318,\"commentCount\":0,\"image\":{\"@id\":\"https:\\\/\\\/www.elmedanotenerife.es\\\/it\\\/el-medano-ha-una-directory-digitale-corsi-di-formazione-e-unapp-mobile\\\/#primaryimage\"},\"thumbnailUrl\":\"https:\\\/\\\/www.elmedanotenerife.es\\\/wp-content\\\/uploads\\\/2019\\\/12\\\/Desktop-1.jpg\",\"articleSection\":[\"Sin categorizar\"],\"inLanguage\":\"it-IT\",\"potentialAction\":[{\"@type\":\"CommentAction\",\"name\":\"Comment\",\"target\":[\"https:\\\/\\\/www.elmedanotenerife.es\\\/it\\\/el-medano-ha-una-directory-digitale-corsi-di-formazione-e-unapp-mobile\\\/#respond\"]}]},{\"@type\":\"WebPage\",\"@id\":\"https:\\\/\\\/www.elmedanotenerife.es\\\/it\\\/el-medano-ha-una-directory-digitale-corsi-di-formazione-e-unapp-mobile\\\/\",\"url\":\"https:\\\/\\\/www.elmedanotenerife.es\\\/it\\\/el-medano-ha-una-directory-digitale-corsi-di-formazione-e-unapp-mobile\\\/\",\"name\":\"El M\u00e9dano ha una directory digitale, corsi di formazione e un'app mobile - El M\u00e9dano Tenerife\",\"isPartOf\":{\"@id\":\"https:\\\/\\\/www.elmedanotenerife.es\\\/it\\\/#website\"},\"primaryImageOfPage\":{\"@id\":\"https:\\\/\\\/www.elmedanotenerife.es\\\/it\\\/el-medano-ha-una-directory-digitale-corsi-di-formazione-e-unapp-mobile\\\/#primaryimage\"},\"image\":{\"@id\":\"https:\\\/\\\/www.elmedanotenerife.es\\\/it\\\/el-medano-ha-una-directory-digitale-corsi-di-formazione-e-unapp-mobile\\\/#primaryimage\"},\"thumbnailUrl\":\"https:\\\/\\\/www.elmedanotenerife.es\\\/wp-content\\\/uploads\\\/2019\\\/12\\\/Desktop-1.jpg\",\"datePublished\":\"2021-02-03T19:06:44+00:00\",\"dateModified\":\"2021-02-03T19:06:46+00:00\",\"author\":{\"@id\":\"https:\\\/\\\/www.elmedanotenerife.es\\\/it\\\/#\\\/schema\\\/person\\\/3b07b593a45143e9746461d2f738c14d\"},\"description\":\"El M\u00e9dano Accesible 2019 fa parte di un progetto promosso dal Fondo di Sviluppo Regionale dell'Unione Europea e dalla Camera di Commercio\",\"breadcrumb\":{\"@id\":\"https:\\\/\\\/www.elmedanotenerife.es\\\/it\\\/el-medano-ha-una-directory-digitale-corsi-di-formazione-e-unapp-mobile\\\/#breadcrumb\"},\"inLanguage\":\"it-IT\",\"potentialAction\":[{\"@type\":\"ReadAction\",\"target\":[\"https:\\\/\\\/www.elmedanotenerife.es\\\/it\\\/el-medano-ha-una-directory-digitale-corsi-di-formazione-e-unapp-mobile\\\/\"]}]},{\"@type\":\"ImageObject\",\"inLanguage\":\"it-IT\",\"@id\":\"https:\\\/\\\/www.elmedanotenerife.es\\\/it\\\/el-medano-ha-una-directory-digitale-corsi-di-formazione-e-unapp-mobile\\\/#primaryimage\",\"url\":\"https:\\\/\\\/www.elmedanotenerife.es\\\/wp-content\\\/uploads\\\/2019\\\/12\\\/Desktop-1.jpg\",\"contentUrl\":\"https:\\\/\\\/www.elmedanotenerife.es\\\/wp-content\\\/uploads\\\/2019\\\/12\\\/Desktop-1.jpg\",\"width\":6000,\"height\":2862},{\"@type\":\"BreadcrumbList\",\"@id\":\"https:\\\/\\\/www.elmedanotenerife.es\\\/it\\\/el-medano-ha-una-directory-digitale-corsi-di-formazione-e-unapp-mobile\\\/#breadcrumb\",\"itemListElement\":[{\"@type\":\"ListItem\",\"position\":1,\"name\":\"Portada\",\"item\":\"https:\\\/\\\/www.elmedanotenerife.es\\\/it\\\/\"},{\"@type\":\"ListItem\",\"position\":2,\"name\":\"El M\u00e9dano ha una directory digitale, corsi di formazione e un&#8217;app mobile\"}]},{\"@type\":\"WebSite\",\"@id\":\"https:\\\/\\\/www.elmedanotenerife.es\\\/it\\\/#website\",\"url\":\"https:\\\/\\\/www.elmedanotenerife.es\\\/it\\\/\",\"name\":\"El M\u00e9dano Tenerife\",\"description\":\"\",\"potentialAction\":[{\"@type\":\"SearchAction\",\"target\":{\"@type\":\"EntryPoint\",\"urlTemplate\":\"https:\\\/\\\/www.elmedanotenerife.es\\\/it\\\/?s={search_term_string}\"},\"query-input\":{\"@type\":\"PropertyValueSpecification\",\"valueRequired\":true,\"valueName\":\"search_term_string\"}}],\"inLanguage\":\"it-IT\"},{\"@type\":\"Person\",\"@id\":\"https:\\\/\\\/www.elmedanotenerife.es\\\/it\\\/#\\\/schema\\\/person\\\/3b07b593a45143e9746461d2f738c14d\",\"name\":\"El M\u00e9dano Accesible\",\"image\":{\"@type\":\"ImageObject\",\"inLanguage\":\"it-IT\",\"@id\":\"https:\\\/\\\/secure.gravatar.com\\\/avatar\\\/434ad405ac9f533d2c4b0516a982d40ddab6d50aefef747a7c29f77cd7f94ced?s=96&d=mm&r=g\",\"url\":\"https:\\\/\\\/secure.gravatar.com\\\/avatar\\\/434ad405ac9f533d2c4b0516a982d40ddab6d50aefef747a7c29f77cd7f94ced?s=96&d=mm&r=g\",\"contentUrl\":\"https:\\\/\\\/secure.gravatar.com\\\/avatar\\\/434ad405ac9f533d2c4b0516a982d40ddab6d50aefef747a7c29f77cd7f94ced?s=96&d=mm&r=g\",\"caption\":\"El M\u00e9dano Accesible\"},\"url\":\"https:\\\/\\\/www.elmedanotenerife.es\\\/it\\\/author\\\/medialife_a6midkqq\\\/\"}]}<\/script>\n<!-- \/ Yoast SEO plugin. -->","yoast_head_json":{"title":"El M\u00e9dano ha una directory digitale, corsi di formazione e un'app mobile - El M\u00e9dano Tenerife","description":"El M\u00e9dano Accesible 2019 fa parte di un progetto promosso dal Fondo di Sviluppo Regionale dell'Unione Europea e dalla Camera di Commercio","robots":{"index":"index","follow":"follow","max-snippet":"max-snippet:-1","max-image-preview":"max-image-preview:large","max-video-preview":"max-video-preview:-1"},"canonical":"https:\/\/www.elmedanotenerife.es\/it\/el-medano-ha-una-directory-digitale-corsi-di-formazione-e-unapp-mobile\/","og_locale":"it_IT","og_type":"article","og_title":"El M\u00e9dano ha una directory digitale, corsi di formazione e un'app mobile - El M\u00e9dano Tenerife","og_description":"El M\u00e9dano Accesible 2019 fa parte di un progetto promosso dal Fondo di Sviluppo Regionale dell'Unione Europea e dalla Camera di Commercio","og_url":"https:\/\/www.elmedanotenerife.es\/it\/el-medano-ha-una-directory-digitale-corsi-di-formazione-e-unapp-mobile\/","og_site_name":"El M\u00e9dano Tenerife","article_published_time":"2021-02-03T19:06:44+00:00","article_modified_time":"2021-02-03T19:06:46+00:00","og_image":[{"width":6000,"height":2862,"url":"https:\/\/www.elmedanotenerife.es\/wp-content\/uploads\/2019\/12\/Desktop-1.jpg","type":"image\/jpeg"}],"author":"El M\u00e9dano Accesible","twitter_card":"summary_large_image","twitter_misc":{"Scritto da":"El M\u00e9dano Accesible","Tempo di lettura stimato":"2 minuti"},"schema":{"@context":"https:\/\/schema.org","@graph":[{"@type":"Article","@id":"https:\/\/www.elmedanotenerife.es\/it\/el-medano-ha-una-directory-digitale-corsi-di-formazione-e-unapp-mobile\/#article","isPartOf":{"@id":"https:\/\/www.elmedanotenerife.es\/it\/el-medano-ha-una-directory-digitale-corsi-di-formazione-e-unapp-mobile\/"},"author":{"name":"El M\u00e9dano Accesible","@id":"https:\/\/www.elmedanotenerife.es\/it\/#\/schema\/person\/3b07b593a45143e9746461d2f738c14d"},"headline":"El M\u00e9dano ha una directory digitale, corsi di formazione e un&#8217;app mobile","datePublished":"2021-02-03T19:06:44+00:00","dateModified":"2021-02-03T19:06:46+00:00","mainEntityOfPage":{"@id":"https:\/\/www.elmedanotenerife.es\/it\/el-medano-ha-una-directory-digitale-corsi-di-formazione-e-unapp-mobile\/"},"wordCount":318,"commentCount":0,"image":{"@id":"https:\/\/www.elmedanotenerife.es\/it\/el-medano-ha-una-directory-digitale-corsi-di-formazione-e-unapp-mobile\/#primaryimage"},"thumbnailUrl":"https:\/\/www.elmedanotenerife.es\/wp-content\/uploads\/2019\/12\/Desktop-1.jpg","articleSection":["Sin categorizar"],"inLanguage":"it-IT","potentialAction":[{"@type":"CommentAction","name":"Comment","target":["https:\/\/www.elmedanotenerife.es\/it\/el-medano-ha-una-directory-digitale-corsi-di-formazione-e-unapp-mobile\/#respond"]}]},{"@type":"WebPage","@id":"https:\/\/www.elmedanotenerife.es\/it\/el-medano-ha-una-directory-digitale-corsi-di-formazione-e-unapp-mobile\/","url":"https:\/\/www.elmedanotenerife.es\/it\/el-medano-ha-una-directory-digitale-corsi-di-formazione-e-unapp-mobile\/","name":"El M\u00e9dano ha una directory digitale, corsi di formazione e un'app mobile - El M\u00e9dano Tenerife","isPartOf":{"@id":"https:\/\/www.elmedanotenerife.es\/it\/#website"},"primaryImageOfPage":{"@id":"https:\/\/www.elmedanotenerife.es\/it\/el-medano-ha-una-directory-digitale-corsi-di-formazione-e-unapp-mobile\/#primaryimage"},"image":{"@id":"https:\/\/www.elmedanotenerife.es\/it\/el-medano-ha-una-directory-digitale-corsi-di-formazione-e-unapp-mobile\/#primaryimage"},"thumbnailUrl":"https:\/\/www.elmedanotenerife.es\/wp-content\/uploads\/2019\/12\/Desktop-1.jpg","datePublished":"2021-02-03T19:06:44+00:00","dateModified":"2021-02-03T19:06:46+00:00","author":{"@id":"https:\/\/www.elmedanotenerife.es\/it\/#\/schema\/person\/3b07b593a45143e9746461d2f738c14d"},"description":"El M\u00e9dano Accesible 2019 fa parte di un progetto promosso dal Fondo di Sviluppo Regionale dell'Unione Europea e dalla Camera di Commercio","breadcrumb":{"@id":"https:\/\/www.elmedanotenerife.es\/it\/el-medano-ha-una-directory-digitale-corsi-di-formazione-e-unapp-mobile\/#breadcrumb"},"inLanguage":"it-IT","potentialAction":[{"@type":"ReadAction","target":["https:\/\/www.elmedanotenerife.es\/it\/el-medano-ha-una-directory-digitale-corsi-di-formazione-e-unapp-mobile\/"]}]},{"@type":"ImageObject","inLanguage":"it-IT","@id":"https:\/\/www.elmedanotenerife.es\/it\/el-medano-ha-una-directory-digitale-corsi-di-formazione-e-unapp-mobile\/#primaryimage","url":"https:\/\/www.elmedanotenerife.es\/wp-content\/uploads\/2019\/12\/Desktop-1.jpg","contentUrl":"https:\/\/www.elmedanotenerife.es\/wp-content\/uploads\/2019\/12\/Desktop-1.jpg","width":6000,"height":2862},{"@type":"BreadcrumbList","@id":"https:\/\/www.elmedanotenerife.es\/it\/el-medano-ha-una-directory-digitale-corsi-di-formazione-e-unapp-mobile\/#breadcrumb","itemListElement":[{"@type":"ListItem","position":1,"name":"Portada","item":"https:\/\/www.elmedanotenerife.es\/it\/"},{"@type":"ListItem","position":2,"name":"El M\u00e9dano ha una directory digitale, corsi di formazione e un&#8217;app mobile"}]},{"@type":"WebSite","@id":"https:\/\/www.elmedanotenerife.es\/it\/#website","url":"https:\/\/www.elmedanotenerife.es\/it\/","name":"El M\u00e9dano Tenerife","description":"","potentialAction":[{"@type":"SearchAction","target":{"@type":"EntryPoint","urlTemplate":"https:\/\/www.elmedanotenerife.es\/it\/?s={search_term_string}"},"query-input":{"@type":"PropertyValueSpecification","valueRequired":true,"valueName":"search_term_string"}}],"inLanguage":"it-IT"},{"@type":"Person","@id":"https:\/\/www.elmedanotenerife.es\/it\/#\/schema\/person\/3b07b593a45143e9746461d2f738c14d","name":"El M\u00e9dano Accesible","image":{"@type":"ImageObject","inLanguage":"it-IT","@id":"https:\/\/secure.gravatar.com\/avatar\/434ad405ac9f533d2c4b0516a982d40ddab6d50aefef747a7c29f77cd7f94ced?s=96&d=mm&r=g","url":"https:\/\/secure.gravatar.com\/avatar\/434ad405ac9f533d2c4b0516a982d40ddab6d50aefef747a7c29f77cd7f94ced?s=96&d=mm&r=g","contentUrl":"https:\/\/secure.gravatar.com\/avatar\/434ad405ac9f533d2c4b0516a982d40ddab6d50aefef747a7c29f77cd7f94ced?s=96&d=mm&r=g","caption":"El M\u00e9dano Accesible"},"url":"https:\/\/www.elmedanotenerife.es\/it\/author\/medialife_a6midkqq\/"}]}},"post_mailing_queue_ids":[],"_links":{"self":[{"href":"https:\/\/www.elmedanotenerife.es\/it\/wp-json\/wp\/v2\/posts\/13373","targetHints":{"allow":["GET"]}}],"collection":[{"href":"https:\/\/www.elmedanotenerife.es\/it\/wp-json\/wp\/v2\/posts"}],"about":[{"href":"https:\/\/www.elmedanotenerife.es\/it\/wp-json\/wp\/v2\/types\/post"}],"author":[{"embeddable":true,"href":"https:\/\/www.elmedanotenerife.es\/it\/wp-json\/wp\/v2\/users\/1"}],"replies":[{"embeddable":true,"href":"https:\/\/www.elmedanotenerife.es\/it\/wp-json\/wp\/v2\/comments?post=13373"}],"version-history":[{"count":1,"href":"https:\/\/www.elmedanotenerife.es\/it\/wp-json\/wp\/v2\/posts\/13373\/revisions"}],"predecessor-version":[{"id":13378,"href":"https:\/\/www.elmedanotenerife.es\/it\/wp-json\/wp\/v2\/posts\/13373\/revisions\/13378"}],"wp:featuredmedia":[{"embeddable":true,"href":"https:\/\/www.elmedanotenerife.es\/it\/wp-json\/wp\/v2\/media\/13269"}],"wp:attachment":[{"href":"https:\/\/www.elmedanotenerife.es\/it\/wp-json\/wp\/v2\/media?parent=13373"}],"wp:term":[{"taxonomy":"category","embeddable":true,"href":"https:\/\/www.elmedanotenerife.es\/it\/wp-json\/wp\/v2\/categories?post=13373"},{"taxonomy":"post_tag","embeddable":true,"href":"https:\/\/www.elmedanotenerife.es\/it\/wp-json\/wp\/v2\/tags?post=13373"}],"curies":[{"name":"wp","href":"https:\/\/api.w.org\/{rel}","templated":true}]}}