{"id":13408,"date":"2021-02-05T18:51:56","date_gmt":"2021-02-05T16:51:56","guid":{"rendered":"https:\/\/www.elmedanotenerife.es\/?p=13408"},"modified":"2021-02-05T18:52:06","modified_gmt":"2021-02-05T16:52:06","slug":"nuove-misure-di-sostegno-per-i-lavoratori-autonomi","status":"publish","type":"post","link":"https:\/\/www.elmedanotenerife.es\/it\/nuove-misure-di-sostegno-per-i-lavoratori-autonomi\/","title":{"rendered":"NUOVE MISURE DI SOSTEGNO PER I LAVORATORI AUTONOMI"},"content":{"rendered":"\t\t<div data-elementor-type=\"wp-post\" data-elementor-id=\"13408\" class=\"elementor elementor-13408 elementor-13405\" data-elementor-post-type=\"post\">\n\t\t\t\t\t\t<section class=\"elementor-section elementor-top-section elementor-element elementor-element-6974638c elementor-section-boxed elementor-section-height-default elementor-section-height-default\" data-id=\"6974638c\" data-element_type=\"section\" data-e-type=\"section\">\n\t\t\t\t\t\t<div class=\"elementor-container elementor-column-gap-default\">\n\t\t\t\t\t<div class=\"elementor-column elementor-col-100 elementor-top-column elementor-element elementor-element-4d4807e\" data-id=\"4d4807e\" data-element_type=\"column\" data-e-type=\"column\">\n\t\t\t<div class=\"elementor-widget-wrap elementor-element-populated\">\n\t\t\t\t\t\t<div class=\"elementor-element elementor-element-f47d9e6 elementor-widget elementor-widget-spacer\" data-id=\"f47d9e6\" data-element_type=\"widget\" data-e-type=\"widget\" data-widget_type=\"spacer.default\">\n\t\t\t\t<div class=\"elementor-widget-container\">\n\t\t\t\t\t\t\t<div class=\"elementor-spacer\">\n\t\t\t<div class=\"elementor-spacer-inner\"><\/div>\n\t\t<\/div>\n\t\t\t\t\t\t<\/div>\n\t\t\t\t<\/div>\n\t\t\t\t<div class=\"elementor-element elementor-element-fe66257 elementor-widget elementor-widget-theme-post-title elementor-page-title elementor-widget-heading\" data-id=\"fe66257\" data-element_type=\"widget\" data-e-type=\"widget\" data-widget_type=\"theme-post-title.default\">\n\t\t\t\t<div class=\"elementor-widget-container\">\n\t\t\t\t\t<h1 class=\"elementor-heading-title elementor-size-default\">NUOVE MISURE DI SOSTEGNO PER I LAVORATORI AUTONOMI<\/h1>\t\t\t\t<\/div>\n\t\t\t\t<\/div>\n\t\t\t\t<div class=\"elementor-element elementor-element-1a94617 elementor-widget elementor-widget-post-info\" data-id=\"1a94617\" data-element_type=\"widget\" data-e-type=\"widget\" data-widget_type=\"post-info.default\">\n\t\t\t\t<div class=\"elementor-widget-container\">\n\t\t\t\t\t\t\t<ul class=\"elementor-inline-items elementor-icon-list-items elementor-post-info\">\n\t\t\t\t\t\t\t\t<li class=\"elementor-icon-list-item elementor-repeater-item-e58e1b7 elementor-inline-item\" itemprop=\"datePublished\">\n\t\t\t\t\t\t<a href=\"https:\/\/www.elmedanotenerife.es\/it\/2021\/02\/05\/\">\n\t\t\t\t\t\t\t\t\t\t\t<span class=\"elementor-icon-list-icon\">\n\t\t\t\t\t\t\t\t<i aria-hidden=\"true\" class=\"fas fa-calendar\"><\/i>\t\t\t\t\t\t\t<\/span>\n\t\t\t\t\t\t\t\t\t<span class=\"elementor-icon-list-text elementor-post-info__item elementor-post-info__item--type-date\">\n\t\t\t\t\t\t\t\t\t\t<time>Febbraio 5, 2021<\/time>\t\t\t\t\t<\/span>\n\t\t\t\t\t\t\t\t\t<\/a>\n\t\t\t\t<\/li>\n\t\t\t\t<li class=\"elementor-icon-list-item elementor-repeater-item-7327d3a elementor-inline-item\">\n\t\t\t\t\t\t\t\t\t\t<span class=\"elementor-icon-list-icon\">\n\t\t\t\t\t\t\t\t<i aria-hidden=\"true\" class=\"far fa-clock\"><\/i>\t\t\t\t\t\t\t<\/span>\n\t\t\t\t\t\t\t\t\t<span class=\"elementor-icon-list-text elementor-post-info__item elementor-post-info__item--type-time\">\n\t\t\t\t\t\t\t\t\t\t<time>6:51 pm<\/time>\t\t\t\t\t<\/span>\n\t\t\t\t\t\t\t\t<\/li>\n\t\t\t\t<li class=\"elementor-icon-list-item elementor-repeater-item-b3e1124 elementor-inline-item\" itemprop=\"commentCount\">\n\t\t\t\t\t\t<a href=\"https:\/\/www.elmedanotenerife.es\/it\/nuove-misure-di-sostegno-per-i-lavoratori-autonomi\/#respond\">\n\t\t\t\t\t\t\t\t\t\t\t<span class=\"elementor-icon-list-icon\">\n\t\t\t\t\t\t\t\t<i aria-hidden=\"true\" class=\"far fa-comment-dots\"><\/i>\t\t\t\t\t\t\t<\/span>\n\t\t\t\t\t\t\t\t\t<span class=\"elementor-icon-list-text elementor-post-info__item elementor-post-info__item--type-comments\">\n\t\t\t\t\t\t\t\t\t\tNessun commento\t\t\t\t\t<\/span>\n\t\t\t\t\t\t\t\t\t<\/a>\n\t\t\t\t<\/li>\n\t\t\t\t<\/ul>\n\t\t\t\t\t\t<\/div>\n\t\t\t\t<\/div>\n\t\t\t\t<section class=\"elementor-section elementor-inner-section elementor-element elementor-element-e49f8c4 elementor-section-boxed elementor-section-height-default elementor-section-height-default\" data-id=\"e49f8c4\" data-element_type=\"section\" data-e-type=\"section\">\n\t\t\t\t\t\t<div class=\"elementor-container elementor-column-gap-default\">\n\t\t\t\t\t<div class=\"elementor-column elementor-col-50 elementor-inner-column elementor-element elementor-element-c593d92\" data-id=\"c593d92\" data-element_type=\"column\" data-e-type=\"column\">\n\t\t\t<div class=\"elementor-widget-wrap elementor-element-populated\">\n\t\t\t\t\t\t<div class=\"elementor-element elementor-element-3c27ce7 elementor-widget elementor-widget-heading\" data-id=\"3c27ce7\" data-element_type=\"widget\" data-e-type=\"widget\" data-widget_type=\"heading.default\">\n\t\t\t\t<div class=\"elementor-widget-container\">\n\t\t\t\t\t<h2 class=\"elementor-heading-title elementor-size-default\">AGENZIA DI SVILUPPO LOCALE\n<\/h2>\t\t\t\t<\/div>\n\t\t\t\t<\/div>\n\t\t\t\t<div class=\"elementor-element elementor-element-829404e elementor-widget elementor-widget-text-editor\" data-id=\"829404e\" data-element_type=\"widget\" data-e-type=\"widget\" data-widget_type=\"text-editor.default\">\n\t\t\t\t<div class=\"elementor-widget-container\">\n\t\t\t\t\t\t\t\t\t<p class=\"gmail-western\">Mercoled\u00ec scorso 27 gennaio 2021 \u00e8 stato pubblicato il DECRETO REALE 26 GENNAIO MISURE DI RINFORZO A FAVORE DELL&#8217;OCCUPAZIONE che, sebbene nei primi articoli si parli dell&#8217;estensione dell&#8217;ERTES, stabilisce anche nel Titolo II, dall&#8217;articolo 5, una serie di misure di sostegno per i lavoratori autonomi.<\/p>\n<p class=\"gmail-western\">Tali misure riguarderanno i lavoratori autonomi che, a partire dal 1 \u00b0 febbraio 2021, sono costretti a sospendere la propria attivit\u00e0 con delibera dell&#8217;Autorit\u00e0 competente o come indicato nell&#8217;articolo 6 a coloro che hanno visto il proprio reddito drasticamente ridotto.<\/p>\n<p class=\"gmail-western\">I requisiti generali per poter accedere a queste sovvenzioni sono<b> <\/b>essere registrato come lavoratore autonomo e avere pagamenti delle quote aggiornati, avere rendimenti netti nella prima met\u00e0 del 2021 inferiori a \u20ac 6.650 ea loro volta inferiori a quelli calcolati nel primo trimestre del 2020 o proporzionalmente (dato che ovviamente c&#8217;\u00e8 stato non oltre il semestre). L&#8217;importo del beneficio sar\u00e0 pari al 50% della base minima della quota contributiva corrispondente all&#8217;attivit\u00e0 svolta.<\/p>\n<p class=\"gmail-western\">Pu\u00f2 essere maturato a partire dal 1 febbraio 2021 e avr\u00e0 una durata massima di 4 mesi a condizione che la domanda venga presentata nei primi 21 giorni di febbraio. Se si verifica pi\u00f9 tardi, fai attenzione che non possa mai superare la sua durata del 31 maggio.<\/p>\n<p class=\"gmail-western\">Questo \u00e8 un breve riassunto, per maggiori dettagli si veda il Decreto&nbsp;&nbsp;<\/p>\n<div>&nbsp;<\/div>\n\t\t\t\t\t\t\t\t<\/div>\n\t\t\t\t<\/div>\n\t\t\t\t\t<\/div>\n\t\t<\/div>\n\t\t\t\t<div class=\"elementor-column elementor-col-50 elementor-inner-column elementor-element elementor-element-bc2ac93\" data-id=\"bc2ac93\" data-element_type=\"column\" data-e-type=\"column\">\n\t\t\t<div class=\"elementor-widget-wrap elementor-element-populated\">\n\t\t\t\t\t\t<div class=\"elementor-element elementor-element-280d147 elementor-share-buttons--view-icon-text elementor-share-buttons--skin-gradient elementor-share-buttons--shape-square elementor-grid-0 elementor-share-buttons--color-official elementor-widget elementor-widget-share-buttons\" data-id=\"280d147\" data-element_type=\"widget\" data-e-type=\"widget\" data-widget_type=\"share-buttons.default\">\n\t\t\t\t<div class=\"elementor-widget-container\">\n\t\t\t\t\t\t\t<div class=\"elementor-grid\" role=\"list\">\n\t\t\t\t\t\t\t\t<div class=\"elementor-grid-item\" role=\"listitem\">\n\t\t\t\t\t\t<div class=\"elementor-share-btn elementor-share-btn_facebook\" role=\"button\" tabindex=\"0\" aria-label=\"Condividi su facebook\">\n\t\t\t\t\t\t\t\t\t\t\t\t\t\t\t<span class=\"elementor-share-btn__icon\">\n\t\t\t\t\t\t\t\t<i class=\"fab fa-facebook\" aria-hidden=\"true\"><\/i>\t\t\t\t\t\t\t<\/span>\n\t\t\t\t\t\t\t\t\t\t\t\t\t\t\t\t\t\t\t\t\t\t<div class=\"elementor-share-btn__text\">\n\t\t\t\t\t\t\t\t\t\t\t\t\t\t\t\t\t\t\t<span class=\"elementor-share-btn__title\">\n\t\t\t\t\t\t\t\t\t\tFacebook\t\t\t\t\t\t\t\t\t<\/span>\n\t\t\t\t\t\t\t\t\t\t\t\t\t\t\t\t\t<\/div>\n\t\t\t\t\t\t\t\t\t\t\t\t\t<\/div>\n\t\t\t\t\t<\/div>\n\t\t\t\t\t\t\t\t\t<div class=\"elementor-grid-item\" role=\"listitem\">\n\t\t\t\t\t\t<div class=\"elementor-share-btn elementor-share-btn_twitter\" role=\"button\" tabindex=\"0\" aria-label=\"Condividi su twitter\">\n\t\t\t\t\t\t\t\t\t\t\t\t\t\t\t<span class=\"elementor-share-btn__icon\">\n\t\t\t\t\t\t\t\t<i class=\"fab fa-twitter\" aria-hidden=\"true\"><\/i>\t\t\t\t\t\t\t<\/span>\n\t\t\t\t\t\t\t\t\t\t\t\t\t\t\t\t\t\t\t\t\t\t<div class=\"elementor-share-btn__text\">\n\t\t\t\t\t\t\t\t\t\t\t\t\t\t\t\t\t\t\t<span class=\"elementor-share-btn__title\">\n\t\t\t\t\t\t\t\t\t\tTwitter\t\t\t\t\t\t\t\t\t<\/span>\n\t\t\t\t\t\t\t\t\t\t\t\t\t\t\t\t\t<\/div>\n\t\t\t\t\t\t\t\t\t\t\t\t\t<\/div>\n\t\t\t\t\t<\/div>\n\t\t\t\t\t\t\t\t\t<div class=\"elementor-grid-item\" role=\"listitem\">\n\t\t\t\t\t\t<div class=\"elementor-share-btn elementor-share-btn_linkedin\" role=\"button\" tabindex=\"0\" aria-label=\"Condividi su linkedin\">\n\t\t\t\t\t\t\t\t\t\t\t\t\t\t\t<span class=\"elementor-share-btn__icon\">\n\t\t\t\t\t\t\t\t<i class=\"fab fa-linkedin\" aria-hidden=\"true\"><\/i>\t\t\t\t\t\t\t<\/span>\n\t\t\t\t\t\t\t\t\t\t\t\t\t\t\t\t\t\t\t\t\t\t<div class=\"elementor-share-btn__text\">\n\t\t\t\t\t\t\t\t\t\t\t\t\t\t\t\t\t\t\t<span class=\"elementor-share-btn__title\">\n\t\t\t\t\t\t\t\t\t\tLinkedIn\t\t\t\t\t\t\t\t\t<\/span>\n\t\t\t\t\t\t\t\t\t\t\t\t\t\t\t\t\t<\/div>\n\t\t\t\t\t\t\t\t\t\t\t\t\t<\/div>\n\t\t\t\t\t<\/div>\n\t\t\t\t\t\t<\/div>\n\t\t\t\t\t\t<\/div>\n\t\t\t\t<\/div>\n\t\t\t\t<div class=\"elementor-element elementor-element-ecae16b elementor-widget elementor-widget-heading\" data-id=\"ecae16b\" data-element_type=\"widget\" data-e-type=\"widget\" data-widget_type=\"heading.default\">\n\t\t\t\t<div class=\"elementor-widget-container\">\n\t\t\t\t\t<h5 class=\"elementor-heading-title elementor-size-default\">Iscriviti e ricevi nuovi post nella tua email<\/h5>\t\t\t\t<\/div>\n\t\t\t\t<\/div>\n\t\t\t\t<div class=\"elementor-element elementor-element-3b092ba elementor-widget elementor-widget-shortcode\" data-id=\"3b092ba\" data-element_type=\"widget\" data-e-type=\"widget\" data-widget_type=\"shortcode.default\">\n\t\t\t\t<div class=\"elementor-widget-container\">\n\t\t\t\t\t\t\t<div class=\"elementor-shortcode\"><div class=\"emaillist\" id=\"es_form_f1-n1\"><form action=\"\/it\/wp-json\/wp\/v2\/posts\/13408#es_form_f1-n1\" method=\"post\" class=\"es_subscription_form es_shortcode_form  es_ajax_subscription_form\" id=\"es_subscription_form_69f292cfd943a\" data-source=\"ig-es\" data-form-id=\"1\"><div class=\"es-field-wrap\"><label>Nombre*<br \/><input type=\"text\" name=\"esfpx_name\" class=\"ig_es_form_field_name\" placeholder=\"\" value=\"\" required=\"required\" \/><\/label><\/div><div class=\"es-field-wrap ig-es-form-field\"><label class=\"es-field-label\">Email*<br \/><input class=\"es_required_field es_txt_email ig_es_form_field_email ig-es-form-input\" type=\"email\" name=\"esfpx_email\" value=\"\" placeholder=\"\" required=\"required\" \/><\/label><\/div><input type=\"hidden\" name=\"esfpx_lists[]\" value=\"ddbab6aeddfe\" \/><input type=\"hidden\" name=\"esfpx_form_id\" value=\"1\" \/><input type=\"hidden\" name=\"es\" value=\"subscribe\" \/>\n\t\t\t<input type=\"hidden\" name=\"esfpx_es_form_identifier\" value=\"f1-n1\" \/>\n\t\t\t<input type=\"hidden\" name=\"esfpx_es_email_page\" value=\"13408\" \/>\n\t\t\t<input type=\"hidden\" name=\"esfpx_es_email_page_url\" value=\"https:\/\/www.elmedanotenerife.es\/it\/nuove-misure-di-sostegno-per-i-lavoratori-autonomi\/\" \/>\n\t\t\t<input type=\"hidden\" name=\"esfpx_status\" value=\"Unconfirmed\" \/>\n\t\t\t<input type=\"hidden\" name=\"esfpx_es-subscribe\" id=\"es-subscribe-69f292cfd943a\" value=\"7cfb6119ae\" \/>\n\t\t\t<label style=\"position:absolute;top:-99999px;left:-99999px;z-index:-99;\" aria-hidden=\"true\"><span hidden>Please leave this field empty.<\/span><input type=\"email\" name=\"esfpx_es_hp_email\" class=\"es_required_field\" tabindex=\"-1\" autocomplete=\"-1\" value=\"\" \/><\/label><label style=\"display: inline\"><input type=\"checkbox\" name=\"es_gdpr_consent\" value=\"true\" required=\"required\" \/>&nbsp;He le\u00eddo y acepto la Pol\u00edtica de Privacidad<\/label><br \/><input type=\"submit\" name=\"submit\" class=\"es_subscription_form_submit es_submit_button es_textbox_button\" id=\"es_subscription_form_submit_69f292cfd943a\" value=\"Recibir notificaciones\" \/><span class=\"es_spinner_image\" id=\"spinner-image\"><img decoding=\"async\" src=\"https:\/\/www.elmedanotenerife.es\/wp-content\/plugins\/email-subscribers\/lite\/public\/images\/spinner.gif\" alt=\"Loading\" \/><\/span><\/form><span class=\"es_subscription_message \" id=\"es_subscription_message_69f292cfd943a\" role=\"alert\" aria-live=\"assertive\"><\/span><\/div><\/div>\n\t\t\t\t\t\t<\/div>\n\t\t\t\t<\/div>\n\t\t\t\t<div class=\"elementor-element elementor-element-1776c5d elementor-widget-divider--view-line elementor-widget elementor-widget-divider\" data-id=\"1776c5d\" data-element_type=\"widget\" data-e-type=\"widget\" data-widget_type=\"divider.default\">\n\t\t\t\t<div class=\"elementor-widget-container\">\n\t\t\t\t\t\t\t<div class=\"elementor-divider\">\n\t\t\t<span class=\"elementor-divider-separator\">\n\t\t\t\t\t\t<\/span>\n\t\t<\/div>\n\t\t\t\t\t\t<\/div>\n\t\t\t\t<\/div>\n\t\t\t\t<div class=\"elementor-element elementor-element-8f98f3b elementor-widget elementor-widget-image\" data-id=\"8f98f3b\" data-element_type=\"widget\" data-e-type=\"widget\" data-widget_type=\"image.default\">\n\t\t\t\t<div class=\"elementor-widget-container\">\n\t\t\t\t\t\t\t\t\t\t\t\t\t\t\t<img fetchpriority=\"high\" decoding=\"async\" width=\"706\" height=\"402\" src=\"https:\/\/www.elmedanotenerife.es\/wp-content\/uploads\/2021\/02\/AYUDAS-AUTONOMOS.jpg\" class=\"attachment-large size-large wp-image-13403\" alt=\"\" srcset=\"https:\/\/www.elmedanotenerife.es\/wp-content\/uploads\/2021\/02\/AYUDAS-AUTONOMOS.jpg 706w, https:\/\/www.elmedanotenerife.es\/wp-content\/uploads\/2021\/02\/AYUDAS-AUTONOMOS-300x171.jpg 300w\" sizes=\"(max-width: 706px) 100vw, 706px\" \/>\t\t\t\t\t\t\t\t\t\t\t\t\t\t\t<\/div>\n\t\t\t\t<\/div>\n\t\t\t\t\t<\/div>\n\t\t<\/div>\n\t\t\t\t\t<\/div>\n\t\t<\/section>\n\t\t\t\t\t<\/div>\n\t\t<\/div>\n\t\t\t\t\t<\/div>\n\t\t<\/section>\n\t\t\t\t<section class=\"elementor-section elementor-top-section elementor-element elementor-element-070b411 elementor-section-boxed elementor-section-height-default elementor-section-height-default\" data-id=\"070b411\" data-element_type=\"section\" data-e-type=\"section\">\n\t\t\t\t\t\t<div class=\"elementor-container elementor-column-gap-default\">\n\t\t\t\t\t<div class=\"elementor-column elementor-col-100 elementor-top-column elementor-element elementor-element-b65f1ab\" data-id=\"b65f1ab\" data-element_type=\"column\" data-e-type=\"column\">\n\t\t\t<div class=\"elementor-widget-wrap elementor-element-populated\">\n\t\t\t\t\t\t\t<\/div>\n\t\t<\/div>\n\t\t\t\t\t<\/div>\n\t\t<\/section>\n\t\t\t\t<\/div>\n\t\t","protected":false},"excerpt":{"rendered":"<p>AGENZIA DI SVILUPPO LOCALE Mercoled\u00ec scorso 27 gennaio 2021 \u00e8 stato pubblicato il DECRETO REALE 26 GENNAIO MISURE DI RINFORZO A FAVORE DELL&#8217;OCCUPAZIONE che, sebbene nei primi articoli si parli dell&#8217;estensione dell&#8217;ERTES, stabilisce anche nel Titolo II, dall&#8217;articolo 5, una&hellip;<\/p>\n","protected":false},"author":35,"featured_media":13403,"comment_status":"open","ping_status":"closed","sticky":false,"template":"elementor_header_footer","format":"standard","meta":{"_bbp_topic_count":0,"_bbp_reply_count":0,"_bbp_total_topic_count":0,"_bbp_total_reply_count":0,"_bbp_voice_count":0,"_bbp_anonymous_reply_count":0,"_bbp_topic_count_hidden":0,"_bbp_reply_count_hidden":0,"_bbp_forum_subforum_count":0,"footnotes":""},"categories":[477],"tags":[],"class_list":["post-13408","post","type-post","status-publish","format-standard","has-post-thumbnail","hentry","category-sin-categorizar-it"],"yoast_head":"<!-- This site is optimized with the Yoast SEO plugin v27.5 - https:\/\/yoast.com\/product\/yoast-seo-wordpress\/ -->\n<title>NUOVE MISURE DI SOSTEGNO PER I LAVORATORI AUTONOMI - El M\u00e9dano Tenerife<\/title>\n<meta name=\"description\" content=\"Tutto quello che c&#039;\u00e8 da sapere sull&#039;apertura della scadenza per gli aiuti autonomi e sulla nuova sovvenzione per aumentare l&#039;aliquota forfettaria di un anno.\" \/>\n<meta name=\"robots\" content=\"index, follow, max-snippet:-1, max-image-preview:large, max-video-preview:-1\" \/>\n<link rel=\"canonical\" href=\"https:\/\/www.elmedanotenerife.es\/it\/nuove-misure-di-sostegno-per-i-lavoratori-autonomi\/\" \/>\n<meta property=\"og:locale\" content=\"it_IT\" \/>\n<meta property=\"og:type\" content=\"article\" \/>\n<meta property=\"og:title\" content=\"NUOVE MISURE DI SOSTEGNO PER I LAVORATORI AUTONOMI - El M\u00e9dano Tenerife\" \/>\n<meta property=\"og:description\" content=\"Tutto quello che c&#039;\u00e8 da sapere sull&#039;apertura della scadenza per gli aiuti autonomi e sulla nuova sovvenzione per aumentare l&#039;aliquota forfettaria di un anno.\" \/>\n<meta property=\"og:url\" content=\"https:\/\/www.elmedanotenerife.es\/it\/nuove-misure-di-sostegno-per-i-lavoratori-autonomi\/\" \/>\n<meta property=\"og:site_name\" content=\"El M\u00e9dano Tenerife\" \/>\n<meta property=\"article:published_time\" content=\"2021-02-05T16:51:56+00:00\" \/>\n<meta property=\"article:modified_time\" content=\"2021-02-05T16:52:06+00:00\" \/>\n<meta property=\"og:image\" content=\"https:\/\/www.elmedanotenerife.es\/wp-content\/uploads\/2021\/02\/AYUDAS-AUTONOMOS.jpg\" \/>\n\t<meta property=\"og:image:width\" content=\"706\" \/>\n\t<meta property=\"og:image:height\" content=\"402\" \/>\n\t<meta property=\"og:image:type\" content=\"image\/jpeg\" \/>\n<meta name=\"author\" content=\"LaAgencia Granadilla de Abona\" \/>\n<meta name=\"twitter:card\" content=\"summary_large_image\" \/>\n<meta name=\"twitter:label1\" content=\"Scritto da\" \/>\n\t<meta name=\"twitter:data1\" content=\"LaAgencia Granadilla de Abona\" \/>\n\t<meta name=\"twitter:label2\" content=\"Tempo di lettura stimato\" \/>\n\t<meta name=\"twitter:data2\" content=\"1 minuto\" \/>\n<script type=\"application\/ld+json\" class=\"yoast-schema-graph\">{\"@context\":\"https:\\\/\\\/schema.org\",\"@graph\":[{\"@type\":\"Article\",\"@id\":\"https:\\\/\\\/www.elmedanotenerife.es\\\/it\\\/nuove-misure-di-sostegno-per-i-lavoratori-autonomi\\\/#article\",\"isPartOf\":{\"@id\":\"https:\\\/\\\/www.elmedanotenerife.es\\\/it\\\/nuove-misure-di-sostegno-per-i-lavoratori-autonomi\\\/\"},\"author\":{\"name\":\"LaAgencia Granadilla de Abona\",\"@id\":\"https:\\\/\\\/www.elmedanotenerife.es\\\/it\\\/#\\\/schema\\\/person\\\/b95a1146656dc54ffaecfb9f5f93eb0b\"},\"headline\":\"NUOVE MISURE DI SOSTEGNO PER I LAVORATORI AUTONOMI\",\"datePublished\":\"2021-02-05T16:51:56+00:00\",\"dateModified\":\"2021-02-05T16:52:06+00:00\",\"mainEntityOfPage\":{\"@id\":\"https:\\\/\\\/www.elmedanotenerife.es\\\/it\\\/nuove-misure-di-sostegno-per-i-lavoratori-autonomi\\\/\"},\"wordCount\":234,\"commentCount\":0,\"image\":{\"@id\":\"https:\\\/\\\/www.elmedanotenerife.es\\\/it\\\/nuove-misure-di-sostegno-per-i-lavoratori-autonomi\\\/#primaryimage\"},\"thumbnailUrl\":\"https:\\\/\\\/www.elmedanotenerife.es\\\/wp-content\\\/uploads\\\/2021\\\/02\\\/AYUDAS-AUTONOMOS.jpg\",\"articleSection\":[\"Sin categorizar\"],\"inLanguage\":\"it-IT\",\"potentialAction\":[{\"@type\":\"CommentAction\",\"name\":\"Comment\",\"target\":[\"https:\\\/\\\/www.elmedanotenerife.es\\\/it\\\/nuove-misure-di-sostegno-per-i-lavoratori-autonomi\\\/#respond\"]}]},{\"@type\":\"WebPage\",\"@id\":\"https:\\\/\\\/www.elmedanotenerife.es\\\/it\\\/nuove-misure-di-sostegno-per-i-lavoratori-autonomi\\\/\",\"url\":\"https:\\\/\\\/www.elmedanotenerife.es\\\/it\\\/nuove-misure-di-sostegno-per-i-lavoratori-autonomi\\\/\",\"name\":\"NUOVE MISURE DI SOSTEGNO PER I LAVORATORI AUTONOMI - El M\u00e9dano Tenerife\",\"isPartOf\":{\"@id\":\"https:\\\/\\\/www.elmedanotenerife.es\\\/it\\\/#website\"},\"primaryImageOfPage\":{\"@id\":\"https:\\\/\\\/www.elmedanotenerife.es\\\/it\\\/nuove-misure-di-sostegno-per-i-lavoratori-autonomi\\\/#primaryimage\"},\"image\":{\"@id\":\"https:\\\/\\\/www.elmedanotenerife.es\\\/it\\\/nuove-misure-di-sostegno-per-i-lavoratori-autonomi\\\/#primaryimage\"},\"thumbnailUrl\":\"https:\\\/\\\/www.elmedanotenerife.es\\\/wp-content\\\/uploads\\\/2021\\\/02\\\/AYUDAS-AUTONOMOS.jpg\",\"datePublished\":\"2021-02-05T16:51:56+00:00\",\"dateModified\":\"2021-02-05T16:52:06+00:00\",\"author\":{\"@id\":\"https:\\\/\\\/www.elmedanotenerife.es\\\/it\\\/#\\\/schema\\\/person\\\/b95a1146656dc54ffaecfb9f5f93eb0b\"},\"description\":\"Tutto quello che c'\u00e8 da sapere sull'apertura della scadenza per gli aiuti autonomi e sulla nuova sovvenzione per aumentare l'aliquota forfettaria di un anno.\",\"breadcrumb\":{\"@id\":\"https:\\\/\\\/www.elmedanotenerife.es\\\/it\\\/nuove-misure-di-sostegno-per-i-lavoratori-autonomi\\\/#breadcrumb\"},\"inLanguage\":\"it-IT\",\"potentialAction\":[{\"@type\":\"ReadAction\",\"target\":[\"https:\\\/\\\/www.elmedanotenerife.es\\\/it\\\/nuove-misure-di-sostegno-per-i-lavoratori-autonomi\\\/\"]}]},{\"@type\":\"ImageObject\",\"inLanguage\":\"it-IT\",\"@id\":\"https:\\\/\\\/www.elmedanotenerife.es\\\/it\\\/nuove-misure-di-sostegno-per-i-lavoratori-autonomi\\\/#primaryimage\",\"url\":\"https:\\\/\\\/www.elmedanotenerife.es\\\/wp-content\\\/uploads\\\/2021\\\/02\\\/AYUDAS-AUTONOMOS.jpg\",\"contentUrl\":\"https:\\\/\\\/www.elmedanotenerife.es\\\/wp-content\\\/uploads\\\/2021\\\/02\\\/AYUDAS-AUTONOMOS.jpg\",\"width\":706,\"height\":402},{\"@type\":\"BreadcrumbList\",\"@id\":\"https:\\\/\\\/www.elmedanotenerife.es\\\/it\\\/nuove-misure-di-sostegno-per-i-lavoratori-autonomi\\\/#breadcrumb\",\"itemListElement\":[{\"@type\":\"ListItem\",\"position\":1,\"name\":\"Portada\",\"item\":\"https:\\\/\\\/www.elmedanotenerife.es\\\/it\\\/\"},{\"@type\":\"ListItem\",\"position\":2,\"name\":\"NUOVE MISURE DI SOSTEGNO PER I LAVORATORI AUTONOMI\"}]},{\"@type\":\"WebSite\",\"@id\":\"https:\\\/\\\/www.elmedanotenerife.es\\\/it\\\/#website\",\"url\":\"https:\\\/\\\/www.elmedanotenerife.es\\\/it\\\/\",\"name\":\"El M\u00e9dano Tenerife\",\"description\":\"\",\"potentialAction\":[{\"@type\":\"SearchAction\",\"target\":{\"@type\":\"EntryPoint\",\"urlTemplate\":\"https:\\\/\\\/www.elmedanotenerife.es\\\/it\\\/?s={search_term_string}\"},\"query-input\":{\"@type\":\"PropertyValueSpecification\",\"valueRequired\":true,\"valueName\":\"search_term_string\"}}],\"inLanguage\":\"it-IT\"},{\"@type\":\"Person\",\"@id\":\"https:\\\/\\\/www.elmedanotenerife.es\\\/it\\\/#\\\/schema\\\/person\\\/b95a1146656dc54ffaecfb9f5f93eb0b\",\"name\":\"LaAgencia Granadilla de Abona\",\"image\":{\"@type\":\"ImageObject\",\"inLanguage\":\"it-IT\",\"@id\":\"https:\\\/\\\/secure.gravatar.com\\\/avatar\\\/cb4f1e8a31e1c4921fc3acbab57a8d6303cd6390eb7c8af191b638d7f6d21824?s=96&d=mm&r=g\",\"url\":\"https:\\\/\\\/secure.gravatar.com\\\/avatar\\\/cb4f1e8a31e1c4921fc3acbab57a8d6303cd6390eb7c8af191b638d7f6d21824?s=96&d=mm&r=g\",\"contentUrl\":\"https:\\\/\\\/secure.gravatar.com\\\/avatar\\\/cb4f1e8a31e1c4921fc3acbab57a8d6303cd6390eb7c8af191b638d7f6d21824?s=96&d=mm&r=g\",\"caption\":\"LaAgencia Granadilla de Abona\"},\"sameAs\":[\"https:\\\/\\\/www.elmedanotenerife.es\"],\"url\":\"https:\\\/\\\/www.elmedanotenerife.es\\\/it\\\/author\\\/laagencia\\\/\"}]}<\/script>\n<!-- \/ Yoast SEO plugin. -->","yoast_head_json":{"title":"NUOVE MISURE DI SOSTEGNO PER I LAVORATORI AUTONOMI - El M\u00e9dano Tenerife","description":"Tutto quello che c'\u00e8 da sapere sull'apertura della scadenza per gli aiuti autonomi e sulla nuova sovvenzione per aumentare l'aliquota forfettaria di un anno.","robots":{"index":"index","follow":"follow","max-snippet":"max-snippet:-1","max-image-preview":"max-image-preview:large","max-video-preview":"max-video-preview:-1"},"canonical":"https:\/\/www.elmedanotenerife.es\/it\/nuove-misure-di-sostegno-per-i-lavoratori-autonomi\/","og_locale":"it_IT","og_type":"article","og_title":"NUOVE MISURE DI SOSTEGNO PER I LAVORATORI AUTONOMI - El M\u00e9dano Tenerife","og_description":"Tutto quello che c'\u00e8 da sapere sull'apertura della scadenza per gli aiuti autonomi e sulla nuova sovvenzione per aumentare l'aliquota forfettaria di un anno.","og_url":"https:\/\/www.elmedanotenerife.es\/it\/nuove-misure-di-sostegno-per-i-lavoratori-autonomi\/","og_site_name":"El M\u00e9dano Tenerife","article_published_time":"2021-02-05T16:51:56+00:00","article_modified_time":"2021-02-05T16:52:06+00:00","og_image":[{"width":706,"height":402,"url":"https:\/\/www.elmedanotenerife.es\/wp-content\/uploads\/2021\/02\/AYUDAS-AUTONOMOS.jpg","type":"image\/jpeg"}],"author":"LaAgencia Granadilla de Abona","twitter_card":"summary_large_image","twitter_misc":{"Scritto da":"LaAgencia Granadilla de Abona","Tempo di lettura stimato":"1 minuto"},"schema":{"@context":"https:\/\/schema.org","@graph":[{"@type":"Article","@id":"https:\/\/www.elmedanotenerife.es\/it\/nuove-misure-di-sostegno-per-i-lavoratori-autonomi\/#article","isPartOf":{"@id":"https:\/\/www.elmedanotenerife.es\/it\/nuove-misure-di-sostegno-per-i-lavoratori-autonomi\/"},"author":{"name":"LaAgencia Granadilla de Abona","@id":"https:\/\/www.elmedanotenerife.es\/it\/#\/schema\/person\/b95a1146656dc54ffaecfb9f5f93eb0b"},"headline":"NUOVE MISURE DI SOSTEGNO PER I LAVORATORI AUTONOMI","datePublished":"2021-02-05T16:51:56+00:00","dateModified":"2021-02-05T16:52:06+00:00","mainEntityOfPage":{"@id":"https:\/\/www.elmedanotenerife.es\/it\/nuove-misure-di-sostegno-per-i-lavoratori-autonomi\/"},"wordCount":234,"commentCount":0,"image":{"@id":"https:\/\/www.elmedanotenerife.es\/it\/nuove-misure-di-sostegno-per-i-lavoratori-autonomi\/#primaryimage"},"thumbnailUrl":"https:\/\/www.elmedanotenerife.es\/wp-content\/uploads\/2021\/02\/AYUDAS-AUTONOMOS.jpg","articleSection":["Sin categorizar"],"inLanguage":"it-IT","potentialAction":[{"@type":"CommentAction","name":"Comment","target":["https:\/\/www.elmedanotenerife.es\/it\/nuove-misure-di-sostegno-per-i-lavoratori-autonomi\/#respond"]}]},{"@type":"WebPage","@id":"https:\/\/www.elmedanotenerife.es\/it\/nuove-misure-di-sostegno-per-i-lavoratori-autonomi\/","url":"https:\/\/www.elmedanotenerife.es\/it\/nuove-misure-di-sostegno-per-i-lavoratori-autonomi\/","name":"NUOVE MISURE DI SOSTEGNO PER I LAVORATORI AUTONOMI - El M\u00e9dano Tenerife","isPartOf":{"@id":"https:\/\/www.elmedanotenerife.es\/it\/#website"},"primaryImageOfPage":{"@id":"https:\/\/www.elmedanotenerife.es\/it\/nuove-misure-di-sostegno-per-i-lavoratori-autonomi\/#primaryimage"},"image":{"@id":"https:\/\/www.elmedanotenerife.es\/it\/nuove-misure-di-sostegno-per-i-lavoratori-autonomi\/#primaryimage"},"thumbnailUrl":"https:\/\/www.elmedanotenerife.es\/wp-content\/uploads\/2021\/02\/AYUDAS-AUTONOMOS.jpg","datePublished":"2021-02-05T16:51:56+00:00","dateModified":"2021-02-05T16:52:06+00:00","author":{"@id":"https:\/\/www.elmedanotenerife.es\/it\/#\/schema\/person\/b95a1146656dc54ffaecfb9f5f93eb0b"},"description":"Tutto quello che c'\u00e8 da sapere sull'apertura della scadenza per gli aiuti autonomi e sulla nuova sovvenzione per aumentare l'aliquota forfettaria di un anno.","breadcrumb":{"@id":"https:\/\/www.elmedanotenerife.es\/it\/nuove-misure-di-sostegno-per-i-lavoratori-autonomi\/#breadcrumb"},"inLanguage":"it-IT","potentialAction":[{"@type":"ReadAction","target":["https:\/\/www.elmedanotenerife.es\/it\/nuove-misure-di-sostegno-per-i-lavoratori-autonomi\/"]}]},{"@type":"ImageObject","inLanguage":"it-IT","@id":"https:\/\/www.elmedanotenerife.es\/it\/nuove-misure-di-sostegno-per-i-lavoratori-autonomi\/#primaryimage","url":"https:\/\/www.elmedanotenerife.es\/wp-content\/uploads\/2021\/02\/AYUDAS-AUTONOMOS.jpg","contentUrl":"https:\/\/www.elmedanotenerife.es\/wp-content\/uploads\/2021\/02\/AYUDAS-AUTONOMOS.jpg","width":706,"height":402},{"@type":"BreadcrumbList","@id":"https:\/\/www.elmedanotenerife.es\/it\/nuove-misure-di-sostegno-per-i-lavoratori-autonomi\/#breadcrumb","itemListElement":[{"@type":"ListItem","position":1,"name":"Portada","item":"https:\/\/www.elmedanotenerife.es\/it\/"},{"@type":"ListItem","position":2,"name":"NUOVE MISURE DI SOSTEGNO PER I LAVORATORI AUTONOMI"}]},{"@type":"WebSite","@id":"https:\/\/www.elmedanotenerife.es\/it\/#website","url":"https:\/\/www.elmedanotenerife.es\/it\/","name":"El M\u00e9dano Tenerife","description":"","potentialAction":[{"@type":"SearchAction","target":{"@type":"EntryPoint","urlTemplate":"https:\/\/www.elmedanotenerife.es\/it\/?s={search_term_string}"},"query-input":{"@type":"PropertyValueSpecification","valueRequired":true,"valueName":"search_term_string"}}],"inLanguage":"it-IT"},{"@type":"Person","@id":"https:\/\/www.elmedanotenerife.es\/it\/#\/schema\/person\/b95a1146656dc54ffaecfb9f5f93eb0b","name":"LaAgencia Granadilla de Abona","image":{"@type":"ImageObject","inLanguage":"it-IT","@id":"https:\/\/secure.gravatar.com\/avatar\/cb4f1e8a31e1c4921fc3acbab57a8d6303cd6390eb7c8af191b638d7f6d21824?s=96&d=mm&r=g","url":"https:\/\/secure.gravatar.com\/avatar\/cb4f1e8a31e1c4921fc3acbab57a8d6303cd6390eb7c8af191b638d7f6d21824?s=96&d=mm&r=g","contentUrl":"https:\/\/secure.gravatar.com\/avatar\/cb4f1e8a31e1c4921fc3acbab57a8d6303cd6390eb7c8af191b638d7f6d21824?s=96&d=mm&r=g","caption":"LaAgencia Granadilla de Abona"},"sameAs":["https:\/\/www.elmedanotenerife.es"],"url":"https:\/\/www.elmedanotenerife.es\/it\/author\/laagencia\/"}]}},"post_mailing_queue_ids":[],"_links":{"self":[{"href":"https:\/\/www.elmedanotenerife.es\/it\/wp-json\/wp\/v2\/posts\/13408","targetHints":{"allow":["GET"]}}],"collection":[{"href":"https:\/\/www.elmedanotenerife.es\/it\/wp-json\/wp\/v2\/posts"}],"about":[{"href":"https:\/\/www.elmedanotenerife.es\/it\/wp-json\/wp\/v2\/types\/post"}],"author":[{"embeddable":true,"href":"https:\/\/www.elmedanotenerife.es\/it\/wp-json\/wp\/v2\/users\/35"}],"replies":[{"embeddable":true,"href":"https:\/\/www.elmedanotenerife.es\/it\/wp-json\/wp\/v2\/comments?post=13408"}],"version-history":[{"count":5,"href":"https:\/\/www.elmedanotenerife.es\/it\/wp-json\/wp\/v2\/posts\/13408\/revisions"}],"predecessor-version":[{"id":13437,"href":"https:\/\/www.elmedanotenerife.es\/it\/wp-json\/wp\/v2\/posts\/13408\/revisions\/13437"}],"wp:featuredmedia":[{"embeddable":true,"href":"https:\/\/www.elmedanotenerife.es\/it\/wp-json\/wp\/v2\/media\/13403"}],"wp:attachment":[{"href":"https:\/\/www.elmedanotenerife.es\/it\/wp-json\/wp\/v2\/media?parent=13408"}],"wp:term":[{"taxonomy":"category","embeddable":true,"href":"https:\/\/www.elmedanotenerife.es\/it\/wp-json\/wp\/v2\/categories?post=13408"},{"taxonomy":"post_tag","embeddable":true,"href":"https:\/\/www.elmedanotenerife.es\/it\/wp-json\/wp\/v2\/tags?post=13408"}],"curies":[{"name":"wp","href":"https:\/\/api.w.org\/{rel}","templated":true}]}}