{"id":13912,"date":"2023-01-10T13:15:01","date_gmt":"2023-01-10T11:15:01","guid":{"rendered":"https:\/\/www.elmedanotenerife.es\/sensazioni-sapori-estivi-a-el-medano\/"},"modified":"2023-01-10T13:15:01","modified_gmt":"2023-01-10T11:15:01","slug":"sensazioni-sapori-estivi-a-el-medano","status":"publish","type":"post","link":"https:\/\/www.elmedanotenerife.es\/it\/sensazioni-sapori-estivi-a-el-medano\/","title":{"rendered":"SENSAZIONI SAPORI ESTIVI A EL M\u00c9DANO"},"content":{"rendered":"\t\t<div data-elementor-type=\"wp-post\" data-elementor-id=\"13912\" class=\"elementor elementor-13912 elementor-13891\" data-elementor-post-type=\"post\">\n\t\t\t\t\t\t<section class=\"elementor-section elementor-top-section elementor-element elementor-element-28493cda elementor-section-boxed elementor-section-height-default elementor-section-height-default\" data-id=\"28493cda\" data-element_type=\"section\" data-e-type=\"section\">\n\t\t\t\t\t\t<div class=\"elementor-container elementor-column-gap-default\">\n\t\t\t\t\t<div class=\"elementor-column elementor-col-100 elementor-top-column elementor-element elementor-element-61025bbb\" data-id=\"61025bbb\" data-element_type=\"column\" data-e-type=\"column\">\n\t\t\t<div class=\"elementor-widget-wrap elementor-element-populated\">\n\t\t\t\t\t\t<div class=\"elementor-element elementor-element-e67c058 elementor-widget elementor-widget-spacer\" data-id=\"e67c058\" data-element_type=\"widget\" data-e-type=\"widget\" data-widget_type=\"spacer.default\">\n\t\t\t\t<div class=\"elementor-widget-container\">\n\t\t\t\t\t\t\t<div class=\"elementor-spacer\">\n\t\t\t<div class=\"elementor-spacer-inner\"><\/div>\n\t\t<\/div>\n\t\t\t\t\t\t<\/div>\n\t\t\t\t<\/div>\n\t\t\t\t<div class=\"elementor-element elementor-element-6ce6075 elementor-widget elementor-widget-heading\" data-id=\"6ce6075\" data-element_type=\"widget\" data-e-type=\"widget\" data-widget_type=\"heading.default\">\n\t\t\t\t<div class=\"elementor-widget-container\">\n\t\t\t\t\t<h2 class=\"elementor-heading-title elementor-size-default\">SENSAZIONI SAPORI ESTIVI A EL M\u00c9DANO<\/h2>\t\t\t\t<\/div>\n\t\t\t\t<\/div>\n\t\t\t\t<div class=\"elementor-element elementor-element-fec8566 elementor-widget elementor-widget-heading\" data-id=\"fec8566\" data-element_type=\"widget\" data-e-type=\"widget\" data-widget_type=\"heading.default\">\n\t\t\t\t<div class=\"elementor-widget-container\">\n\t\t\t\t\t<p class=\"elementor-heading-title elementor-size-default\">31 LUGLIO 2022<\/p>\t\t\t\t<\/div>\n\t\t\t\t<\/div>\n\t\t\t\t<div class=\"elementor-element elementor-element-6adc8166 elementor-widget elementor-widget-text-editor\" data-id=\"6adc8166\" data-element_type=\"widget\" data-e-type=\"widget\" data-widget_type=\"text-editor.default\">\n\t\t\t\t<div class=\"elementor-widget-container\">\n\t\t\t\t\t\t\t\t\t<p>L&#8217;Agenzia per l&#8217;Occupazione e lo Sviluppo Locale del Comune di Granadilla de Abona in collaborazione con il Consiglio Regolatore della Denominazione di Origine del Vino.&nbsp;  Abona e l&#8217;Associazione Imprenditoriale di Granadilla Centro hanno organizzato  <b>&#8220;SENSAZIONI DI SAPORI ESTIVI&#8221;.<\/b>  il passato  <strong>venerd\u00ec 29 luglio 2022<\/strong>L&#8217;obiettivo \u00e8 quello di promuovere gli esercizi di ristorazione del comune per far conoscere le sue eccellenze gastronomiche e incrementare il turismo e le visite, dando cos\u00ec impulso al dinamismo commerciale della zona.<\/p>\n<p>L&#8217;evento, che ha una grande tradizione grazie alle sue molteplici edizioni, \u00e8 stato ancora una volta molto ben accolto e ha visto la partecipazione di  <b>finanziamento da parte del <a href=\"https:\/\/www.tenerife.es\/portalcabtfe\/es\/\">Cabildo Insular di Tenerife<\/a><\/b>ottenuto nell&#8217;ambito del progetto  <b>Bando per la concessione di sovvenzioni per il finanziamento di azioni di rivitalizzazione commerciale dei centri urbani dell&#8217;isola di Tenerife<\/b>  2022.<\/p>\n<p>Anche quest&#8217;anno l&#8217;evento \u00e8 stato una grande proiezione della zona di Medano, influenzando positivamente tutte le imprese di questa zona grazie alla forte affluenza di pubblico che ha visitato imprese di ogni tipo, soggiornato in hotel e trascorso il fine settimana in questa zona costiera.<\/p>\n<p>Ristoranti, osterie, bar, caffetterie, pasticcerie, pasticcerie, aziende di catering,&nbsp; il&nbsp; membri del Mercato Contadino di Granadilla de Abona che vendevano prodotti trasformati, prodotti artigianali e aziende alimentari situate nel comune di Granadilla de Abona. In totale erano disponibili 22 tende.<\/p>\n<p>Cantine appartenenti ai Consigli Regolatori delle denominazioni di origine dei vini Abona e Valle de G\u00fc\u00edmar. In totale erano disponibili 12 tende.<\/p>\n<p>I partecipanti hanno potuto presentare e commercializzare i loro prodotti presso gli stand allestiti a questo scopo:<\/p>\t\t\t\t\t\t\t\t<\/div>\n\t\t\t\t<\/div>\n\t\t\t\t<section class=\"elementor-section elementor-inner-section elementor-element elementor-element-6fbe8f7 elementor-section-boxed elementor-section-height-default elementor-section-height-default\" data-id=\"6fbe8f7\" data-element_type=\"section\" data-e-type=\"section\">\n\t\t\t\t\t\t<div class=\"elementor-container elementor-column-gap-default\">\n\t\t\t\t\t<div class=\"elementor-column elementor-col-50 elementor-inner-column elementor-element elementor-element-213c132\" data-id=\"213c132\" data-element_type=\"column\" data-e-type=\"column\">\n\t\t\t<div class=\"elementor-widget-wrap elementor-element-populated\">\n\t\t\t\t\t\t<div class=\"elementor-element elementor-element-290db81 elementor-widget elementor-widget-text-editor\" data-id=\"290db81\" data-element_type=\"widget\" data-e-type=\"widget\" data-widget_type=\"text-editor.default\">\n\t\t\t\t<div class=\"elementor-widget-container\">\n\t\t\t\t\t\t\t\t\t<p><strong><br \/>\n  <u>&#8211; I ristoranti, le taverne, i catering e i bar partecipanti hanno presentato le loro tapas tradizionali o innovative.<\/u><br \/>\n<\/strong> hanno presentato le loro tapas tradizionali o innovative, in cui \u00e8 stata data priorit\u00e0 all&#8217;uso di materie prime disponibili presso il Mercato degli Agricoltori e il settore primario locale. Tutte le tapas sono state preparate per l&#8217;evento. Non sono state accettate le iscrizioni di aziende che propongono solo di esporre i loro prodotti.<\/p>\n<p>Ogni locale ha presentato un massimo di 5 tapas e nel modulo di registrazione sono stati indicati il nome della tapas, gli ingredienti e i prezzi.<\/p>\n<\/p>\n<p><strong><br \/>\n  <u>&#8211; Pasticcerie, pasticcerie e gelaterie vendevano le proprie creazioni, privilegiando l&#8217;uso di prodotti locali e in un comodo formato stand-up.<\/u><br \/>\n<\/strong> utilizzando prodotti locali e in un formato comodo per stare in piedi.<\/p>\n<\/p>\n<p>Il Comitato Organizzatore ha ricevuto le iscrizioni in rigoroso ordine di arrivo e si riserva il diritto di gestire la selezione delle tapas da presentare, in quanto sono state evitate le ripetizioni o le preparazioni che non soddisfacevano i requisiti minimi di qualit\u00e0 previsti dal regolamento.<\/p>\n<\/p>\n<p>Dopo la chiusura delle iscrizioni, \u00e8 stata organizzata una riunione di lavoro con tutti gli iscritti per coordinare la selezione finale delle tapas e la loro presentazione, cercando, tra l&#8217;altro, di garantire che le proposte non si ripetessero.<\/p>\n<\/p>\n<ul>\n<li><strong><br \/>\n  <u>Le cantine appartenenti ai Consigli regolatori del vino potevano vendere vino al bicchiere o in bottiglia.<\/u><br \/>\n<\/strong> erano in grado di vendere il vino al bicchiere o alla bottiglia. Erano disponibili anche vini giovani, crianza e riserva.<\/li>\n<\/ul>\n<ul>\n<li><strong><br \/>\n  <u>I membri del Farmers&#8217; Market e le aziende alimentari e gli artigiani hanno offerto i prodotti che normalmente vendono al mercato o nei loro esercizi, specificando i prodotti che hanno portato all&#8217;evento sul modulo di iscrizione. <\/u><br \/>\n<\/strong>hanno offerto i prodotti che normalmente vendono al Mercato o nei loro esercizi, specificando sul modulo di iscrizione i prodotti che hanno portato all&#8217;evento. Prodotti sempre fatti in casa (verdure, formaggi, vini, mojos, marmellate, dolci, dessert, mieli, pane, ecc.)<\/li>\n<\/ul>\n<p><strong><br \/>\n  <u>Le aziende di ristorazione del comune<\/u><br \/>\n<\/strong> che offrivano colazioni sane al mattino hanno presentato tutti quei prodotti per la colazione che ritenevano appropriati, ma che non erano pasticcini industriali.<\/p>\n\t\t\t\t\t\t\t\t<\/div>\n\t\t\t\t<\/div>\n\t\t\t\t\t<\/div>\n\t\t<\/div>\n\t\t\t\t<div class=\"elementor-column elementor-col-50 elementor-inner-column elementor-element elementor-element-982d090\" data-id=\"982d090\" data-element_type=\"column\" data-e-type=\"column\">\n\t\t\t<div class=\"elementor-widget-wrap elementor-element-populated\">\n\t\t\t\t\t\t<div class=\"elementor-element elementor-element-9f7e08a elementor-widget elementor-widget-image\" data-id=\"9f7e08a\" data-element_type=\"widget\" data-e-type=\"widget\" data-widget_type=\"image.default\">\n\t\t\t\t<div class=\"elementor-widget-container\">\n\t\t\t\t\t\t\t\t\t\t\t\t\t\t\t<img fetchpriority=\"high\" decoding=\"async\" width=\"1024\" height=\"768\" src=\"https:\/\/www.elmedanotenerife.es\/wp-content\/uploads\/2022\/07\/P1030603-1024x768.jpg\" class=\"attachment-large size-large wp-image-13902\" alt=\"\" srcset=\"https:\/\/www.elmedanotenerife.es\/wp-content\/uploads\/2022\/07\/P1030603-1024x768.jpg 1024w, https:\/\/www.elmedanotenerife.es\/wp-content\/uploads\/2022\/07\/P1030603-300x225.jpg 300w, https:\/\/www.elmedanotenerife.es\/wp-content\/uploads\/2022\/07\/P1030603-768x576.jpg 768w, https:\/\/www.elmedanotenerife.es\/wp-content\/uploads\/2022\/07\/P1030603-1536x1152.jpg 1536w, https:\/\/www.elmedanotenerife.es\/wp-content\/uploads\/2022\/07\/P1030603-2048x1536.jpg 2048w\" sizes=\"(max-width: 1024px) 100vw, 1024px\" \/>\t\t\t\t\t\t\t\t\t\t\t\t\t\t\t<\/div>\n\t\t\t\t<\/div>\n\t\t\t\t<div class=\"elementor-element elementor-element-52510e9 elementor-widget elementor-widget-image\" data-id=\"52510e9\" data-element_type=\"widget\" data-e-type=\"widget\" data-widget_type=\"image.default\">\n\t\t\t\t<div class=\"elementor-widget-container\">\n\t\t\t\t\t\t\t\t\t\t\t\t\t\t\t<img decoding=\"async\" width=\"1024\" height=\"768\" src=\"https:\/\/www.elmedanotenerife.es\/wp-content\/uploads\/2023\/01\/P1030180-1024x768.jpg\" class=\"attachment-large size-large wp-image-13896\" alt=\"\" srcset=\"https:\/\/www.elmedanotenerife.es\/wp-content\/uploads\/2023\/01\/P1030180-1024x768.jpg 1024w, https:\/\/www.elmedanotenerife.es\/wp-content\/uploads\/2023\/01\/P1030180-300x225.jpg 300w, https:\/\/www.elmedanotenerife.es\/wp-content\/uploads\/2023\/01\/P1030180-768x576.jpg 768w, https:\/\/www.elmedanotenerife.es\/wp-content\/uploads\/2023\/01\/P1030180-1536x1152.jpg 1536w, https:\/\/www.elmedanotenerife.es\/wp-content\/uploads\/2023\/01\/P1030180-2048x1536.jpg 2048w\" sizes=\"(max-width: 1024px) 100vw, 1024px\" \/>\t\t\t\t\t\t\t\t\t\t\t\t\t\t\t<\/div>\n\t\t\t\t<\/div>\n\t\t\t\t\t<\/div>\n\t\t<\/div>\n\t\t\t\t\t<\/div>\n\t\t<\/section>\n\t\t\t\t<div class=\"elementor-element elementor-element-50628a7 elementor-widget elementor-widget-text-editor\" data-id=\"50628a7\" data-element_type=\"widget\" data-e-type=\"widget\" data-widget_type=\"text-editor.default\">\n\t\t\t\t<div class=\"elementor-widget-container\">\n\t\t\t\t\t\t\t\t\t<\/p>\n<h5>Iscriviti e ricevi nuovi post nella tua email<\/h5>\n<p><div class=\"emaillist\" id=\"es_form_f1-n1\"><form action=\"\/it\/wp-json\/wp\/v2\/posts\/13912#es_form_f1-n1\" method=\"post\" class=\"es_subscription_form es_shortcode_form  es_ajax_subscription_form\" id=\"es_subscription_form_69f568a3b429a\" data-source=\"ig-es\" data-form-id=\"1\"><div class=\"es-field-wrap\"><label>Nombre*<br \/><input type=\"text\" name=\"esfpx_name\" class=\"ig_es_form_field_name\" placeholder=\"\" value=\"\" required=\"required\" \/><\/label><\/div><div class=\"es-field-wrap ig-es-form-field\"><label class=\"es-field-label\">Email*<br \/><input class=\"es_required_field es_txt_email ig_es_form_field_email ig-es-form-input\" type=\"email\" name=\"esfpx_email\" value=\"\" placeholder=\"\" required=\"required\" \/><\/label><\/div><input type=\"hidden\" name=\"esfpx_lists[]\" value=\"ddbab6aeddfe\" \/><input type=\"hidden\" name=\"esfpx_form_id\" value=\"1\" \/><input type=\"hidden\" name=\"es\" value=\"subscribe\" \/>\n\t\t\t<input type=\"hidden\" name=\"esfpx_es_form_identifier\" value=\"f1-n1\" \/>\n\t\t\t<input type=\"hidden\" name=\"esfpx_es_email_page\" value=\"13912\" \/>\n\t\t\t<input type=\"hidden\" name=\"esfpx_es_email_page_url\" value=\"https:\/\/www.elmedanotenerife.es\/it\/sensazioni-sapori-estivi-a-el-medano\/\" \/>\n\t\t\t<input type=\"hidden\" name=\"esfpx_status\" value=\"Unconfirmed\" \/>\n\t\t\t<input type=\"hidden\" name=\"esfpx_es-subscribe\" id=\"es-subscribe-69f568a3b429a\" value=\"71bd273ef5\" \/>\n\t\t\t<label style=\"position:absolute;top:-99999px;left:-99999px;z-index:-99;\" aria-hidden=\"true\"><span hidden>Please leave this field empty.<\/span><input type=\"email\" name=\"esfpx_es_hp_email\" class=\"es_required_field\" tabindex=\"-1\" autocomplete=\"-1\" value=\"\" \/><\/label><label style=\"display: inline\"><input type=\"checkbox\" name=\"es_gdpr_consent\" value=\"true\" required=\"required\" \/>&nbsp;He le\u00eddo y acepto la Pol\u00edtica de Privacidad<\/label><br \/><input type=\"submit\" name=\"submit\" class=\"es_subscription_form_submit es_submit_button es_textbox_button\" id=\"es_subscription_form_submit_69f568a3b429a\" value=\"Recibir notificaciones\" \/><span class=\"es_spinner_image\" id=\"spinner-image\"><img decoding=\"async\" src=\"https:\/\/www.elmedanotenerife.es\/wp-content\/plugins\/email-subscribers\/lite\/public\/images\/spinner.gif\" alt=\"Loading\" \/><\/span><\/form><span class=\"es_subscription_message \" id=\"es_subscription_message_69f568a3b429a\" role=\"alert\" aria-live=\"assertive\"><\/span><\/div><\/p>\n\t\t\t\t\t\t\t\t<\/div>\n\t\t\t\t<\/div>\n\t\t\t\t\t<\/div>\n\t\t<\/div>\n\t\t\t\t\t<\/div>\n\t\t<\/section>\n\t\t\t\t<\/div>\n\t\t","protected":false},"excerpt":{"rendered":"<p>SENSAZIONI SAPORI ESTIVI A EL M\u00c9DANO 31 LUGLIO 2022 L&#8217;Agenzia per l&#8217;Occupazione e lo Sviluppo Locale del Comune di Granadilla de Abona in collaborazione con il Consiglio Regolatore della Denominazione di Origine del Vino.&nbsp; Abona e l&#8217;Associazione Imprenditoriale di Granadilla&hellip;<\/p>\n","protected":false},"author":35,"featured_media":13896,"comment_status":"open","ping_status":"closed","sticky":false,"template":"elementor_header_footer","format":"standard","meta":{"_bbp_topic_count":0,"_bbp_reply_count":0,"_bbp_total_topic_count":0,"_bbp_total_reply_count":0,"_bbp_voice_count":0,"_bbp_anonymous_reply_count":0,"_bbp_topic_count_hidden":0,"_bbp_reply_count_hidden":0,"_bbp_forum_subforum_count":0,"footnotes":""},"categories":[485,486],"tags":[],"class_list":["post-13912","post","type-post","status-publish","format-standard","has-post-thumbnail","hentry","category-cibo","category-gastronomia"],"yoast_head":"<!-- This site is optimized with the Yoast SEO plugin v27.5 - https:\/\/yoast.com\/product\/yoast-seo-wordpress\/ -->\n<title>SENSAZIONI SAPORI ESTIVI A EL M\u00c9DANO - El M\u00e9dano Tenerife<\/title>\n<meta name=\"description\" content=\"L&#039;evento \u00e8 finanziato dal Cabildo Insular de Tenerife e riunisce migliaia di persone nella piazza della citt\u00e0.\" \/>\n<meta name=\"robots\" content=\"index, follow, max-snippet:-1, max-image-preview:large, max-video-preview:-1\" \/>\n<link rel=\"canonical\" href=\"https:\/\/www.elmedanotenerife.es\/it\/sensazioni-sapori-estivi-a-el-medano\/\" \/>\n<meta property=\"og:locale\" content=\"it_IT\" \/>\n<meta property=\"og:type\" content=\"article\" \/>\n<meta property=\"og:title\" content=\"SENSAZIONI SAPORI ESTIVI A EL M\u00c9DANO - El M\u00e9dano Tenerife\" \/>\n<meta property=\"og:description\" content=\"L&#039;evento \u00e8 finanziato dal Cabildo Insular de Tenerife e riunisce migliaia di persone nella piazza della citt\u00e0.\" \/>\n<meta property=\"og:url\" content=\"https:\/\/www.elmedanotenerife.es\/it\/sensazioni-sapori-estivi-a-el-medano\/\" \/>\n<meta property=\"og:site_name\" content=\"El M\u00e9dano Tenerife\" \/>\n<meta property=\"article:published_time\" content=\"2023-01-10T11:15:01+00:00\" \/>\n<meta property=\"og:image\" content=\"https:\/\/www.elmedanotenerife.es\/wp-content\/uploads\/2023\/01\/P1030180-1024x768.jpg\" \/>\n\t<meta property=\"og:image:width\" content=\"1024\" \/>\n\t<meta property=\"og:image:height\" content=\"768\" \/>\n\t<meta property=\"og:image:type\" content=\"image\/jpeg\" \/>\n<meta name=\"author\" content=\"LaAgencia Granadilla de Abona\" \/>\n<meta name=\"twitter:card\" content=\"summary_large_image\" \/>\n<meta name=\"twitter:label1\" content=\"Scritto da\" \/>\n\t<meta name=\"twitter:data1\" content=\"LaAgencia Granadilla de Abona\" \/>\n\t<meta name=\"twitter:label2\" content=\"Tempo di lettura stimato\" \/>\n\t<meta name=\"twitter:data2\" content=\"3 minuti\" \/>\n<script type=\"application\/ld+json\" class=\"yoast-schema-graph\">{\"@context\":\"https:\\\/\\\/schema.org\",\"@graph\":[{\"@type\":\"Article\",\"@id\":\"https:\\\/\\\/www.elmedanotenerife.es\\\/it\\\/sensazioni-sapori-estivi-a-el-medano\\\/#article\",\"isPartOf\":{\"@id\":\"https:\\\/\\\/www.elmedanotenerife.es\\\/it\\\/sensazioni-sapori-estivi-a-el-medano\\\/\"},\"author\":{\"name\":\"LaAgencia Granadilla de Abona\",\"@id\":\"https:\\\/\\\/www.elmedanotenerife.es\\\/it\\\/#\\\/schema\\\/person\\\/b95a1146656dc54ffaecfb9f5f93eb0b\"},\"headline\":\"SENSAZIONI SAPORI ESTIVI A EL M\u00c9DANO\",\"datePublished\":\"2023-01-10T11:15:01+00:00\",\"mainEntityOfPage\":{\"@id\":\"https:\\\/\\\/www.elmedanotenerife.es\\\/it\\\/sensazioni-sapori-estivi-a-el-medano\\\/\"},\"wordCount\":631,\"commentCount\":0,\"image\":{\"@id\":\"https:\\\/\\\/www.elmedanotenerife.es\\\/it\\\/sensazioni-sapori-estivi-a-el-medano\\\/#primaryimage\"},\"thumbnailUrl\":\"https:\\\/\\\/www.elmedanotenerife.es\\\/wp-content\\\/uploads\\\/2023\\\/01\\\/P1030180.jpg\",\"articleSection\":[\"Cibo\",\"Gastronomia\"],\"inLanguage\":\"it-IT\",\"potentialAction\":[{\"@type\":\"CommentAction\",\"name\":\"Comment\",\"target\":[\"https:\\\/\\\/www.elmedanotenerife.es\\\/it\\\/sensazioni-sapori-estivi-a-el-medano\\\/#respond\"]}]},{\"@type\":\"WebPage\",\"@id\":\"https:\\\/\\\/www.elmedanotenerife.es\\\/it\\\/sensazioni-sapori-estivi-a-el-medano\\\/\",\"url\":\"https:\\\/\\\/www.elmedanotenerife.es\\\/it\\\/sensazioni-sapori-estivi-a-el-medano\\\/\",\"name\":\"SENSAZIONI SAPORI ESTIVI A EL M\u00c9DANO - El M\u00e9dano Tenerife\",\"isPartOf\":{\"@id\":\"https:\\\/\\\/www.elmedanotenerife.es\\\/it\\\/#website\"},\"primaryImageOfPage\":{\"@id\":\"https:\\\/\\\/www.elmedanotenerife.es\\\/it\\\/sensazioni-sapori-estivi-a-el-medano\\\/#primaryimage\"},\"image\":{\"@id\":\"https:\\\/\\\/www.elmedanotenerife.es\\\/it\\\/sensazioni-sapori-estivi-a-el-medano\\\/#primaryimage\"},\"thumbnailUrl\":\"https:\\\/\\\/www.elmedanotenerife.es\\\/wp-content\\\/uploads\\\/2023\\\/01\\\/P1030180.jpg\",\"datePublished\":\"2023-01-10T11:15:01+00:00\",\"author\":{\"@id\":\"https:\\\/\\\/www.elmedanotenerife.es\\\/it\\\/#\\\/schema\\\/person\\\/b95a1146656dc54ffaecfb9f5f93eb0b\"},\"description\":\"L'evento \u00e8 finanziato dal Cabildo Insular de Tenerife e riunisce migliaia di persone nella piazza della citt\u00e0.\",\"breadcrumb\":{\"@id\":\"https:\\\/\\\/www.elmedanotenerife.es\\\/it\\\/sensazioni-sapori-estivi-a-el-medano\\\/#breadcrumb\"},\"inLanguage\":\"it-IT\",\"potentialAction\":[{\"@type\":\"ReadAction\",\"target\":[\"https:\\\/\\\/www.elmedanotenerife.es\\\/it\\\/sensazioni-sapori-estivi-a-el-medano\\\/\"]}]},{\"@type\":\"ImageObject\",\"inLanguage\":\"it-IT\",\"@id\":\"https:\\\/\\\/www.elmedanotenerife.es\\\/it\\\/sensazioni-sapori-estivi-a-el-medano\\\/#primaryimage\",\"url\":\"https:\\\/\\\/www.elmedanotenerife.es\\\/wp-content\\\/uploads\\\/2023\\\/01\\\/P1030180.jpg\",\"contentUrl\":\"https:\\\/\\\/www.elmedanotenerife.es\\\/wp-content\\\/uploads\\\/2023\\\/01\\\/P1030180.jpg\",\"width\":4000,\"height\":3000},{\"@type\":\"BreadcrumbList\",\"@id\":\"https:\\\/\\\/www.elmedanotenerife.es\\\/it\\\/sensazioni-sapori-estivi-a-el-medano\\\/#breadcrumb\",\"itemListElement\":[{\"@type\":\"ListItem\",\"position\":1,\"name\":\"Portada\",\"item\":\"https:\\\/\\\/www.elmedanotenerife.es\\\/it\\\/\"},{\"@type\":\"ListItem\",\"position\":2,\"name\":\"SENSAZIONI SAPORI ESTIVI A EL M\u00c9DANO\"}]},{\"@type\":\"WebSite\",\"@id\":\"https:\\\/\\\/www.elmedanotenerife.es\\\/it\\\/#website\",\"url\":\"https:\\\/\\\/www.elmedanotenerife.es\\\/it\\\/\",\"name\":\"El M\u00e9dano Tenerife\",\"description\":\"\",\"potentialAction\":[{\"@type\":\"SearchAction\",\"target\":{\"@type\":\"EntryPoint\",\"urlTemplate\":\"https:\\\/\\\/www.elmedanotenerife.es\\\/it\\\/?s={search_term_string}\"},\"query-input\":{\"@type\":\"PropertyValueSpecification\",\"valueRequired\":true,\"valueName\":\"search_term_string\"}}],\"inLanguage\":\"it-IT\"},{\"@type\":\"Person\",\"@id\":\"https:\\\/\\\/www.elmedanotenerife.es\\\/it\\\/#\\\/schema\\\/person\\\/b95a1146656dc54ffaecfb9f5f93eb0b\",\"name\":\"LaAgencia Granadilla de Abona\",\"image\":{\"@type\":\"ImageObject\",\"inLanguage\":\"it-IT\",\"@id\":\"https:\\\/\\\/secure.gravatar.com\\\/avatar\\\/cb4f1e8a31e1c4921fc3acbab57a8d6303cd6390eb7c8af191b638d7f6d21824?s=96&d=mm&r=g\",\"url\":\"https:\\\/\\\/secure.gravatar.com\\\/avatar\\\/cb4f1e8a31e1c4921fc3acbab57a8d6303cd6390eb7c8af191b638d7f6d21824?s=96&d=mm&r=g\",\"contentUrl\":\"https:\\\/\\\/secure.gravatar.com\\\/avatar\\\/cb4f1e8a31e1c4921fc3acbab57a8d6303cd6390eb7c8af191b638d7f6d21824?s=96&d=mm&r=g\",\"caption\":\"LaAgencia Granadilla de Abona\"},\"sameAs\":[\"https:\\\/\\\/www.elmedanotenerife.es\"],\"url\":\"https:\\\/\\\/www.elmedanotenerife.es\\\/it\\\/author\\\/laagencia\\\/\"}]}<\/script>\n<!-- \/ Yoast SEO plugin. -->","yoast_head_json":{"title":"SENSAZIONI SAPORI ESTIVI A EL M\u00c9DANO - El M\u00e9dano Tenerife","description":"L'evento \u00e8 finanziato dal Cabildo Insular de Tenerife e riunisce migliaia di persone nella piazza della citt\u00e0.","robots":{"index":"index","follow":"follow","max-snippet":"max-snippet:-1","max-image-preview":"max-image-preview:large","max-video-preview":"max-video-preview:-1"},"canonical":"https:\/\/www.elmedanotenerife.es\/it\/sensazioni-sapori-estivi-a-el-medano\/","og_locale":"it_IT","og_type":"article","og_title":"SENSAZIONI SAPORI ESTIVI A EL M\u00c9DANO - El M\u00e9dano Tenerife","og_description":"L'evento \u00e8 finanziato dal Cabildo Insular de Tenerife e riunisce migliaia di persone nella piazza della citt\u00e0.","og_url":"https:\/\/www.elmedanotenerife.es\/it\/sensazioni-sapori-estivi-a-el-medano\/","og_site_name":"El M\u00e9dano Tenerife","article_published_time":"2023-01-10T11:15:01+00:00","og_image":[{"width":1024,"height":768,"url":"https:\/\/www.elmedanotenerife.es\/wp-content\/uploads\/2023\/01\/P1030180-1024x768.jpg","type":"image\/jpeg"}],"author":"LaAgencia Granadilla de Abona","twitter_card":"summary_large_image","twitter_misc":{"Scritto da":"LaAgencia Granadilla de Abona","Tempo di lettura stimato":"3 minuti"},"schema":{"@context":"https:\/\/schema.org","@graph":[{"@type":"Article","@id":"https:\/\/www.elmedanotenerife.es\/it\/sensazioni-sapori-estivi-a-el-medano\/#article","isPartOf":{"@id":"https:\/\/www.elmedanotenerife.es\/it\/sensazioni-sapori-estivi-a-el-medano\/"},"author":{"name":"LaAgencia Granadilla de Abona","@id":"https:\/\/www.elmedanotenerife.es\/it\/#\/schema\/person\/b95a1146656dc54ffaecfb9f5f93eb0b"},"headline":"SENSAZIONI SAPORI ESTIVI A EL M\u00c9DANO","datePublished":"2023-01-10T11:15:01+00:00","mainEntityOfPage":{"@id":"https:\/\/www.elmedanotenerife.es\/it\/sensazioni-sapori-estivi-a-el-medano\/"},"wordCount":631,"commentCount":0,"image":{"@id":"https:\/\/www.elmedanotenerife.es\/it\/sensazioni-sapori-estivi-a-el-medano\/#primaryimage"},"thumbnailUrl":"https:\/\/www.elmedanotenerife.es\/wp-content\/uploads\/2023\/01\/P1030180.jpg","articleSection":["Cibo","Gastronomia"],"inLanguage":"it-IT","potentialAction":[{"@type":"CommentAction","name":"Comment","target":["https:\/\/www.elmedanotenerife.es\/it\/sensazioni-sapori-estivi-a-el-medano\/#respond"]}]},{"@type":"WebPage","@id":"https:\/\/www.elmedanotenerife.es\/it\/sensazioni-sapori-estivi-a-el-medano\/","url":"https:\/\/www.elmedanotenerife.es\/it\/sensazioni-sapori-estivi-a-el-medano\/","name":"SENSAZIONI SAPORI ESTIVI A EL M\u00c9DANO - El M\u00e9dano Tenerife","isPartOf":{"@id":"https:\/\/www.elmedanotenerife.es\/it\/#website"},"primaryImageOfPage":{"@id":"https:\/\/www.elmedanotenerife.es\/it\/sensazioni-sapori-estivi-a-el-medano\/#primaryimage"},"image":{"@id":"https:\/\/www.elmedanotenerife.es\/it\/sensazioni-sapori-estivi-a-el-medano\/#primaryimage"},"thumbnailUrl":"https:\/\/www.elmedanotenerife.es\/wp-content\/uploads\/2023\/01\/P1030180.jpg","datePublished":"2023-01-10T11:15:01+00:00","author":{"@id":"https:\/\/www.elmedanotenerife.es\/it\/#\/schema\/person\/b95a1146656dc54ffaecfb9f5f93eb0b"},"description":"L'evento \u00e8 finanziato dal Cabildo Insular de Tenerife e riunisce migliaia di persone nella piazza della citt\u00e0.","breadcrumb":{"@id":"https:\/\/www.elmedanotenerife.es\/it\/sensazioni-sapori-estivi-a-el-medano\/#breadcrumb"},"inLanguage":"it-IT","potentialAction":[{"@type":"ReadAction","target":["https:\/\/www.elmedanotenerife.es\/it\/sensazioni-sapori-estivi-a-el-medano\/"]}]},{"@type":"ImageObject","inLanguage":"it-IT","@id":"https:\/\/www.elmedanotenerife.es\/it\/sensazioni-sapori-estivi-a-el-medano\/#primaryimage","url":"https:\/\/www.elmedanotenerife.es\/wp-content\/uploads\/2023\/01\/P1030180.jpg","contentUrl":"https:\/\/www.elmedanotenerife.es\/wp-content\/uploads\/2023\/01\/P1030180.jpg","width":4000,"height":3000},{"@type":"BreadcrumbList","@id":"https:\/\/www.elmedanotenerife.es\/it\/sensazioni-sapori-estivi-a-el-medano\/#breadcrumb","itemListElement":[{"@type":"ListItem","position":1,"name":"Portada","item":"https:\/\/www.elmedanotenerife.es\/it\/"},{"@type":"ListItem","position":2,"name":"SENSAZIONI SAPORI ESTIVI A EL M\u00c9DANO"}]},{"@type":"WebSite","@id":"https:\/\/www.elmedanotenerife.es\/it\/#website","url":"https:\/\/www.elmedanotenerife.es\/it\/","name":"El M\u00e9dano Tenerife","description":"","potentialAction":[{"@type":"SearchAction","target":{"@type":"EntryPoint","urlTemplate":"https:\/\/www.elmedanotenerife.es\/it\/?s={search_term_string}"},"query-input":{"@type":"PropertyValueSpecification","valueRequired":true,"valueName":"search_term_string"}}],"inLanguage":"it-IT"},{"@type":"Person","@id":"https:\/\/www.elmedanotenerife.es\/it\/#\/schema\/person\/b95a1146656dc54ffaecfb9f5f93eb0b","name":"LaAgencia Granadilla de Abona","image":{"@type":"ImageObject","inLanguage":"it-IT","@id":"https:\/\/secure.gravatar.com\/avatar\/cb4f1e8a31e1c4921fc3acbab57a8d6303cd6390eb7c8af191b638d7f6d21824?s=96&d=mm&r=g","url":"https:\/\/secure.gravatar.com\/avatar\/cb4f1e8a31e1c4921fc3acbab57a8d6303cd6390eb7c8af191b638d7f6d21824?s=96&d=mm&r=g","contentUrl":"https:\/\/secure.gravatar.com\/avatar\/cb4f1e8a31e1c4921fc3acbab57a8d6303cd6390eb7c8af191b638d7f6d21824?s=96&d=mm&r=g","caption":"LaAgencia Granadilla de Abona"},"sameAs":["https:\/\/www.elmedanotenerife.es"],"url":"https:\/\/www.elmedanotenerife.es\/it\/author\/laagencia\/"}]}},"post_mailing_queue_ids":[],"_links":{"self":[{"href":"https:\/\/www.elmedanotenerife.es\/it\/wp-json\/wp\/v2\/posts\/13912","targetHints":{"allow":["GET"]}}],"collection":[{"href":"https:\/\/www.elmedanotenerife.es\/it\/wp-json\/wp\/v2\/posts"}],"about":[{"href":"https:\/\/www.elmedanotenerife.es\/it\/wp-json\/wp\/v2\/types\/post"}],"author":[{"embeddable":true,"href":"https:\/\/www.elmedanotenerife.es\/it\/wp-json\/wp\/v2\/users\/35"}],"replies":[{"embeddable":true,"href":"https:\/\/www.elmedanotenerife.es\/it\/wp-json\/wp\/v2\/comments?post=13912"}],"version-history":[{"count":1,"href":"https:\/\/www.elmedanotenerife.es\/it\/wp-json\/wp\/v2\/posts\/13912\/revisions"}],"predecessor-version":[{"id":13913,"href":"https:\/\/www.elmedanotenerife.es\/it\/wp-json\/wp\/v2\/posts\/13912\/revisions\/13913"}],"wp:featuredmedia":[{"embeddable":true,"href":"https:\/\/www.elmedanotenerife.es\/it\/wp-json\/wp\/v2\/media\/13896"}],"wp:attachment":[{"href":"https:\/\/www.elmedanotenerife.es\/it\/wp-json\/wp\/v2\/media?parent=13912"}],"wp:term":[{"taxonomy":"category","embeddable":true,"href":"https:\/\/www.elmedanotenerife.es\/it\/wp-json\/wp\/v2\/categories?post=13912"},{"taxonomy":"post_tag","embeddable":true,"href":"https:\/\/www.elmedanotenerife.es\/it\/wp-json\/wp\/v2\/tags?post=13912"}],"curies":[{"name":"wp","href":"https:\/\/api.w.org\/{rel}","templated":true}]}}